{"id":1009,"date":"2024-08-01T15:46:00","date_gmt":"2024-08-01T13:46:00","guid":{"rendered":"https:\/\/leadershipcampus.ch\/fr\/?p=1009"},"modified":"2024-07-29T08:35:29","modified_gmt":"2024-07-29T06:35:29","slug":"livre-du-mois-le-grand-livre-de-la-strategie-de-la-paix-et-de-la-guerre-dedward-luttwak","status":"publish","type":"post","link":"https:\/\/leadershipcampus.ch\/fr\/2024\/08\/01\/livre-du-mois-le-grand-livre-de-la-strategie-de-la-paix-et-de-la-guerre-dedward-luttwak\/","title":{"rendered":"Livre du mois : \u00ab Le grand livre de la strat\u00e9gie, de la paix et de la guerre \u00bb d&rsquo;Edward Luttwak"},"content":{"rendered":"\n<h2 class=\"wp-block-heading\">Quel est le message cl\u00e9 du livre ?<\/h2>\n\n\n\n<p>Les r\u00e9flexions de Luttwak sur la logique de la guerre et de la paix commencent syst\u00e9matiquement par les paradoxes, les ironies et les contradictions de la strat\u00e9gie pratiqu\u00e9e, qui sont illogiques si l&rsquo;on raisonne de mani\u00e8re lin\u00e9aire.<\/p>\n\n\n\n<p>La premi\u00e8re partie de son livre est consacr\u00e9e aux grandes lignes de la logique paradoxale de la strat\u00e9gie, d\u00e9j\u00e0 exprim\u00e9e dans la phrase \u00ab Si vis pacem, para bellum \u00bb. A l&rsquo;aide d&rsquo;exemples bien choisis tir\u00e9s de l&rsquo;histoire des XIXe et XXe si\u00e8cles, il d\u00e9montre que toute la strat\u00e9gie est travers\u00e9e par la logique paradoxale, \u00ab qui va r\u00e9guli\u00e8rement \u00e0 l&rsquo;encontre de la logique lin\u00e9aire ordinaire, en faisant co\u00efncider et en inversant les contraires \u00bb. Le comportement paradoxal est souvent r\u00e9compens\u00e9 \u2013 le comportement lin\u00e9aire est souvent puni.<\/p>\n\n\n\n<p>La deuxi\u00e8me partie de l&rsquo;ouvrage est consacr\u00e9e \u00e0 cinq niveaux \u00ab dimensions verticales \u00bb de la strat\u00e9gie sur chacun desquels une \u00ab logique dynamique d&rsquo;action et de r\u00e9action \u00bb est mise en \u0153uvre. La notion de strat\u00e9gie g\u00e9n\u00e9ralement comprise comme : La r\u00e9glementation et les cons\u00e9quences des relations humaines dans le contexte de conflits arm\u00e9s r\u00e9els ou potentiels. La complexit\u00e9 de l&rsquo;action strat\u00e9gique se manifeste notamment dans les interd\u00e9pendances verticales et horizontales. Par exemple, dans le cadre de succ\u00e8s verticaux accompagn\u00e9s d&rsquo;\u00e9checs horizontaux.<\/p>\n\n\n\n<h2 class=\"wp-block-heading\">Qu&rsquo;est-ce qui vous pla\u00eet le plus dans ce livre ?<\/h2>\n\n\n\n<p>Luttwak est, dans le meilleur sens de Clausewitz, une \u00ab observation critique \u00bb d&rsquo;exemples historiques soigneusement \u00e9tudi\u00e9s, qui permet d&rsquo;aiguiser le jugement du lecteur.<\/p>\n\n\n\n<p>Si vous cherchez chez Luttwak des solutions concr\u00e8tes ou m\u00eame des recettes, vous serez d\u00e9\u00e7u. N\u00e9anmoins, la reconnaissance de la domination non lin\u00e9aire dans la logique de pens\u00e9e strat\u00e9gique est un \u00e9l\u00e9ment de base important de la pens\u00e9e militaire et contraste parfois totalement avec la logique de concurrence qui pr\u00e9vaut souvent.<\/p>\n\n\n\n<h2 class=\"wp-block-heading\">Y a-t-il des points sur lesquels vous ne soutenez pas l&rsquo;argumentation du livre ou des domaines qui, selon vous, ne sont pas assez d\u00e9velopp\u00e9s ?<\/h2>\n\n\n\n<p>Les \u00e9valuations de Luttwak sont certainement toujours contestables dans le d\u00e9tail. La r\u00e9f\u00e9rence \u00e0 des cons\u00e9quences non intentionnelles, au renversement des efforts de paix en leur contraire ainsi qu&rsquo;aux multiples paradoxes \u00e0 tous les niveaux de la strat\u00e9gie peut d&rsquo;abord d\u00e9stabiliser le lecteur, car elle remet en question bien des points de vue conventionnels. Il manque en outre au livre un mod\u00e8le qui permette de visualiser de mani\u00e8re simplifi\u00e9e les m\u00e9canismes de la politique de puissance et les interd\u00e9pendances des actions strat\u00e9giques et tactiques.<\/p>\n\n\n\n<h2 class=\"wp-block-heading\">\u00c0 qui s&rsquo;adresse votre recommandation ?<\/h2>\n\n\n\n<p>Elle s&rsquo;adresse \u00e0 tous ceux qui s&rsquo;int\u00e9ressent aux aspects de la politique de s\u00e9curit\u00e9, de la strat\u00e9gie militaire, des questions op\u00e9rationnelles ou des d\u00e9fis tactiques.<\/p>\n\n\n\n<h2 class=\"wp-block-heading\">Comment ce livre vous a-t-il aid\u00e9 dans votre quotidien de chef militaire ?<\/h2>\n\n\n\n<p>Il reste pour moi un document cl\u00e9 pour comprendre la logique de l&rsquo;action strat\u00e9gique et les principes de la tactique.<\/p>\n\n\n\n<p>L&rsquo;importance centrale de l&rsquo;action non lin\u00e9aire dans la strat\u00e9gie et la tactique est d\u00e9montr\u00e9e de mani\u00e8re compr\u00e9hensible et intelligible.<\/p>\n\n\n\n<h2 class=\"wp-block-heading\">\u00c0 quel aspect du mod\u00e8le Command-Leadership-Management attribuez-vous votre livre ?<\/h2>\n\n\n\n<p>L&rsquo;accent est mis sur le domaine de commandement \u00e0 tous les \u00e9chelons. Le livre montre de mani\u00e8re impressionnante pourquoi les actions strat\u00e9giques, op\u00e9rationnelles et tactiques suivent une logique extr\u00eamement complexe et parfois paradoxale et ne sont donc que partiellement planifiables ou m\u00eame pr\u00e9visibles (cela ne signifie toutefois pas que l&rsquo;on ne planifie pas, il s&rsquo;agit seulement de savoir comment, \u00e0 quelle profondeur et pour cr\u00e9er quelles conditions \u2013 non pas une s\u00e9curit\u00e9 de planification, mais des conditions d&rsquo;action aussi favorables que possible).<\/p>\n\n\n\n<p>En effet, les actions strat\u00e9giques et tactiques se d\u00e9roulent g\u00e9n\u00e9ralement dans une succession rapide d&rsquo;actions, d&rsquo;\u00e9valuation de l&rsquo;impact et d&rsquo;adaptation opportune.<\/p>\n\n\n\n<p>Il s&rsquo;agit donc moins d&rsquo;un plan \u00ab parfait \u00bb ou de solutions universelles g\u00e9n\u00e9r\u00e9es longtemps \u00e0 l&rsquo;avance que de comprendre l&rsquo;ensemble \u00e0 tous les niveaux et de cr\u00e9er des conditions permettant de prendre des d\u00e9cisions d\u00e9centralis\u00e9es de mani\u00e8re aussi rapide et flexible que possible.<\/p>\n\n\n\n<p>Ainsi, Luttwak permet indirectement d&rsquo;une part d&rsquo;affiner la compr\u00e9hension des diff\u00e9rents r\u00f4les de leader et de manager dans le contexte militaire (en temps de paix comme en temps de guerre) et d&rsquo;autre part, il nous oblige par la suite (mais pas le contenu du livre) \u00e0 remettre en question de mani\u00e8re critique les principes traditionnels de conduite et de leadership de l&rsquo;arm\u00e9e.<\/p>\n\n\n\n<p>Par exemple, la n\u00e9cessit\u00e9 d&rsquo;un changement dans le domaine de la culture de conduite, d&rsquo;apprentissage et d&rsquo;innovation se fait sentir, non pas en raison d&rsquo;une \u00e9volution toujours plus dynamique du march\u00e9 ou d&rsquo;une adaptation de la conduite militaire aux r\u00e9alit\u00e9s de l&rsquo;\u00e9conomie, mais en raison d&rsquo;une logique militaire tr\u00e8s ancienne.<\/p>\n\n\n\n<h2 class=\"wp-block-heading\">O\u00f9 voyez-vous les plus grands d\u00e9fis \u00e0 venir pour la conduite dans l&rsquo;arm\u00e9e suisse ?<\/h2>\n\n\n\n<p>Je vois le d\u00e9fi de l\u2019arm\u00e9e suisse en premier lieu dans le fait que, en raison de notre faible exp\u00e9rience des crises et des conflits, nous n\u00e9gligeons g\u00e9n\u00e9ralement la nature m\u00eame des d\u00e9cisions prises dans les conflits arm\u00e9s en \u00e9tablissant la pens\u00e9e de la conduite (military mindset).<\/p>\n\n\n\n<p>La capacit\u00e9 de penser de mani\u00e8re strat\u00e9gique et tactique, comme par exemple le pragmatisme dans l&rsquo;engagement, l&rsquo;importance centrale de la flexibilit\u00e9, de l&rsquo;initiative, de la cr\u00e9ativit\u00e9, de l&rsquo;innovation et de l&rsquo;anticipation, ne sont ni exig\u00e9es lors du choix du personnel de conduite (p. ex. dans le cadre de la s\u00e9lection), ni form\u00e9es de mani\u00e8re cibl\u00e9e.<\/p>\n\n\n\n<p>Le respect des processus de conduite clairement d\u00e9finis est g\u00e9n\u00e9ralement plus important que la r\u00e9flexion tactique. Pourtant, la gestion de l&rsquo;incertitude\/du manque de clart\u00e9 est rarement abord\u00e9e dans les stages de formation, les cours et les exercices (en d&rsquo;autres termes, mieux vaut la clart\u00e9 que la v\u00e9rit\u00e9&#8230;).<\/p>\n\n\n\n<p>Les officiers deviennent ainsi des \u00ab horlogers \u00bb, qui sont jug\u00e9s \u00e0 l&rsquo;aune de la r\u00e9ussite des plans (temporels) et de l&rsquo;\u00e9vitement des frictions et des risques, et des \u00ab avocats \u00bb, qui s&rsquo;orientent fortement sur les chiffres du r\u00e8glement.<\/p>\n\n\n\n<h2 class=\"wp-block-heading\">Et o\u00f9 voyez-vous les plus grandes chances \u00e0 cet \u00e9gard ?<\/h2>\n\n\n\n<p>Au d\u00e9but des changements, il y a soit l&rsquo;attrait de la nouveaut\u00e9, soit la prise de conscience de la n\u00e9cessit\u00e9 d&rsquo;agir.<\/p>\n\n\n\n<p>Ce faisant, Luttwak met en \u00e9vidence des aspects g\u00e9n\u00e9raux de la strat\u00e9gie qui ne n\u00e9cessitent pas seulement des adaptations dans l&rsquo;instruction de commandement mil, mais qui devraient \u00e9galement \u00eatre pris en compte dans le d\u00e9veloppement de l&rsquo;arm\u00e9e. Comme une meilleure compr\u00e9hension globale est avant tout n\u00e9cessaire pour agir de mani\u00e8re autonome et responsable, ce livre peut contribuer \u00e0 la formation et \u00e0 l&rsquo;habilitation des cadres militaires \u00e0 tous les niveaux. La richesse des exemples aide \u00e0 illustrer et \u00e0 comprendre.<\/p>\n\n\n\n<hr class=\"wp-block-separator has-alpha-channel-opacity\"\/>\n\n\n\n<h2 class=\"wp-block-heading\">\u00c0 propos de l&rsquo;auteur de la recension<\/h2>\n\n\n\n<p>Le colonel EMG Dominik Belser est le commandant de l&rsquo;Ecole d&rsquo;officiers des blind\u00e9s\/de l&rsquo;artillerie 22 depuis 2022 et a d\u00e9j\u00e0 eu le privil\u00e8ge d&rsquo;occuper de nombreux postes de commandement auparavant. Depuis 2022, il est \u00e9galement commandant suppl\u00e9ant des Forces terrestres, o\u00f9 il peut s&rsquo;affirmer en particulier gr\u00e2ce \u00e0 ses connaissances approfondies dans le domaine de la conduite des chars. Parall\u00e8lement \u00e0 sa carri\u00e8re militaire, Dominik Belser aime s&rsquo;adonner \u00e0 la peinture \u00e0 l&rsquo;huile et \u00e0 l&rsquo;aquarelle, jouer du piano ou se maintenir actif gr\u00e2ce \u00e0 des activit\u00e9s de fitness.<\/p>\n\n\n\n<h2 class=\"wp-block-heading\">\u00c0 propos du \u00ab&nbsp;Livre du mois&nbsp;\u00bb<\/h2>\n\n\n\n<p>Le \u00ab&nbsp;livre du mois&nbsp;\u00bb est une rubrique r\u00e9currente de la newsletter <a href=\"https:\/\/leadershipcampus.ch\/leaders\/leaders-digest\/\">Leader&rsquo;s Digest<\/a>. Cette newsletter est le fruit d&rsquo;une coop\u00e9ration entre le <a href=\"https:\/\/leadershipcampus.ch\/fr\/\">Leadership Campus de l&rsquo;Arm\u00e9e suisse<\/a> et les <a href=\"https:\/\/www.vtg.admin.ch\/fr\/groupement-de-la-Defense\/organisation\/kdo-ausb\/fsca\/milak\/militaerwissenschaftliche-forschung-und-lehre\/dozentur-fuehrung-und-kommunikation.html\" target=\"_blank\" rel=\"noreferrer noopener\">\u00e9tudes conduite et communication<\/a> de l&rsquo;Acad\u00e9mie militaire \u00e0 l&rsquo;EPF de Zurich. Si vous n&rsquo;\u00eates pas encore abonn\u00e9 au Leader&rsquo;s Digest, vous trouverez de plus amples informations ainsi que le formulaire d&rsquo;inscription en cliquant sur ce <a href=\"https:\/\/leadershipcampus.ch\/leaders\/leaders-digest\/\">lien<\/a>.<\/p>\n","protected":false},"excerpt":{"rendered":"<p>Le col EMG Dominik Belser pr\u00e9sente le livre \u00ab Le grand livre de la strat\u00e9gie, de la paix et de la guerre \u00bb d&rsquo;Edward Luttwak. Luttwak est notamment connu pour avoir introduit le niveau op\u00e9rationnel dans la doctrine militaire des Etats-Unis ; auparavant, on ne distinguait que le niveau tactique et le niveau strat\u00e9gique.<\/p>\n","protected":false},"author":1,"featured_media":1050,"comment_status":"closed","ping_status":"closed","sticky":false,"template":"","format":"standard","meta":{"_jetpack_memberships_contains_paid_content":false,"footnotes":""},"categories":[9,35,8],"tags":[37,36,10],"class_list":["post-1009","post","type-post","status-publish","format-standard","has-post-thumbnail","hentry","category-leaders-digest","category-leaders-digest-8","category-newsletter","tag-dominik-belser","tag-edward-luttwak","tag-livre-du-mois"],"yoast_head":"<!-- This site is optimized with the Yoast SEO plugin v27.4 - https:\/\/yoast.com\/product\/yoast-seo-wordpress\/ -->\n<title>Livre du mois : \u00ab Le grand livre de la strat\u00e9gie, de la paix et de la guerre \u00bb d&#039;Edward Luttwak &#8211; Leadership Campus de l&#039;Arm\u00e9e suisse<\/title>\n<meta name=\"description\" content=\"Le col EMG Dominik Belser pr\u00e9sente \u00ab Le grand livre de la strat\u00e9gie, de la paix et de la guerre \u00bb d&#039;Edward Luttwak.\" \/>\n<meta name=\"robots\" content=\"index, follow, max-snippet:-1, max-image-preview:large, max-video-preview:-1\" \/>\n<link rel=\"canonical\" href=\"https:\/\/leadershipcampus.ch\/fr\/2024\/08\/01\/livre-du-mois-le-grand-livre-de-la-strategie-de-la-paix-et-de-la-guerre-dedward-luttwak\/\" \/>\n<meta property=\"og:locale\" content=\"fr_FR\" \/>\n<meta property=\"og:type\" content=\"article\" \/>\n<meta property=\"og:title\" content=\"Livre du mois : \u00ab Le grand livre de la strat\u00e9gie, de la paix et de la guerre \u00bb d&#039;Edward Luttwak &#8211; Leadership Campus de l&#039;Arm\u00e9e suisse\" \/>\n<meta property=\"og:description\" content=\"Le col EMG Dominik Belser pr\u00e9sente \u00ab Le grand livre de la strat\u00e9gie, de la paix et de la guerre \u00bb d&#039;Edward Luttwak.\" \/>\n<meta property=\"og:url\" content=\"https:\/\/leadershipcampus.ch\/fr\/2024\/08\/01\/livre-du-mois-le-grand-livre-de-la-strategie-de-la-paix-et-de-la-guerre-dedward-luttwak\/\" \/>\n<meta property=\"og:site_name\" content=\"Leadership Campus de l&#039;Arm\u00e9e suisse\" \/>\n<meta property=\"article:published_time\" content=\"2024-08-01T13:46:00+00:00\" \/>\n<meta property=\"og:image\" content=\"https:\/\/leadershipcampus.ch\/fr\/wp-content\/uploads\/sites\/3\/Leadership-Campus-Leaders-Digest-8-Livre-du-mois-Le-grand-livre-de-la-strategie.png\" \/>\n\t<meta property=\"og:image:width\" content=\"720\" \/>\n\t<meta property=\"og:image:height\" content=\"720\" \/>\n\t<meta property=\"og:image:type\" content=\"image\/png\" \/>\n<meta name=\"author\" content=\"administrator@leadershipcampus.ch\" \/>\n<meta name=\"twitter:card\" content=\"summary_large_image\" \/>\n<meta name=\"twitter:label1\" content=\"\u00c9crit par\" \/>\n\t<meta name=\"twitter:data1\" content=\"administrator@leadershipcampus.ch\" \/>\n\t<meta name=\"twitter:label2\" content=\"Dur\u00e9e de lecture estim\u00e9e\" \/>\n\t<meta name=\"twitter:data2\" content=\"7 minutes\" \/>\n<script type=\"application\/ld+json\" class=\"yoast-schema-graph\">{\"@context\":\"https:\\\/\\\/schema.org\",\"@graph\":[{\"@type\":\"Article\",\"@id\":\"https:\\\/\\\/leadershipcampus.ch\\\/fr\\\/2024\\\/08\\\/01\\\/livre-du-mois-le-grand-livre-de-la-strategie-de-la-paix-et-de-la-guerre-dedward-luttwak\\\/#article\",\"isPartOf\":{\"@id\":\"https:\\\/\\\/leadershipcampus.ch\\\/fr\\\/2024\\\/08\\\/01\\\/livre-du-mois-le-grand-livre-de-la-strategie-de-la-paix-et-de-la-guerre-dedward-luttwak\\\/\"},\"author\":{\"name\":\"administrator@leadershipcampus.ch\",\"@id\":\"https:\\\/\\\/leadershipcampus.ch\\\/fr\\\/#\\\/schema\\\/person\\\/8c77b5c0643537fc8ac2e4de9e1c0794\"},\"headline\":\"Livre du mois : \u00ab Le grand livre de la strat\u00e9gie, de la paix et de la guerre \u00bb d&rsquo;Edward Luttwak\",\"datePublished\":\"2024-08-01T13:46:00+00:00\",\"mainEntityOfPage\":{\"@id\":\"https:\\\/\\\/leadershipcampus.ch\\\/fr\\\/2024\\\/08\\\/01\\\/livre-du-mois-le-grand-livre-de-la-strategie-de-la-paix-et-de-la-guerre-dedward-luttwak\\\/\"},\"wordCount\":1448,\"publisher\":{\"@id\":\"https:\\\/\\\/leadershipcampus.ch\\\/fr\\\/#organization\"},\"image\":{\"@id\":\"https:\\\/\\\/leadershipcampus.ch\\\/fr\\\/2024\\\/08\\\/01\\\/livre-du-mois-le-grand-livre-de-la-strategie-de-la-paix-et-de-la-guerre-dedward-luttwak\\\/#primaryimage\"},\"thumbnailUrl\":\"https:\\\/\\\/leadershipcampus.ch\\\/fr\\\/wp-content\\\/uploads\\\/sites\\\/3\\\/Leadership-Campus-Leaders-Digest-8-Livre-du-mois-Le-grand-livre-de-la-strategie.png\",\"keywords\":[\"Dominik Belser\",\"Edward Luttwak\",\"livre du mois\"],\"articleSection\":[\"Leader's Digest\",\"Leader's Digest #8\",\"Newsletter\"],\"inLanguage\":\"fr-FR\"},{\"@type\":\"WebPage\",\"@id\":\"https:\\\/\\\/leadershipcampus.ch\\\/fr\\\/2024\\\/08\\\/01\\\/livre-du-mois-le-grand-livre-de-la-strategie-de-la-paix-et-de-la-guerre-dedward-luttwak\\\/\",\"url\":\"https:\\\/\\\/leadershipcampus.ch\\\/fr\\\/2024\\\/08\\\/01\\\/livre-du-mois-le-grand-livre-de-la-strategie-de-la-paix-et-de-la-guerre-dedward-luttwak\\\/\",\"name\":\"Livre du mois : \u00ab Le grand livre de la strat\u00e9gie, de la paix et de la guerre \u00bb d'Edward Luttwak &#8211; Leadership Campus de l&#039;Arm\u00e9e suisse\",\"isPartOf\":{\"@id\":\"https:\\\/\\\/leadershipcampus.ch\\\/fr\\\/#website\"},\"primaryImageOfPage\":{\"@id\":\"https:\\\/\\\/leadershipcampus.ch\\\/fr\\\/2024\\\/08\\\/01\\\/livre-du-mois-le-grand-livre-de-la-strategie-de-la-paix-et-de-la-guerre-dedward-luttwak\\\/#primaryimage\"},\"image\":{\"@id\":\"https:\\\/\\\/leadershipcampus.ch\\\/fr\\\/2024\\\/08\\\/01\\\/livre-du-mois-le-grand-livre-de-la-strategie-de-la-paix-et-de-la-guerre-dedward-luttwak\\\/#primaryimage\"},\"thumbnailUrl\":\"https:\\\/\\\/leadershipcampus.ch\\\/fr\\\/wp-content\\\/uploads\\\/sites\\\/3\\\/Leadership-Campus-Leaders-Digest-8-Livre-du-mois-Le-grand-livre-de-la-strategie.png\",\"datePublished\":\"2024-08-01T13:46:00+00:00\",\"description\":\"Le col EMG Dominik Belser pr\u00e9sente \u00ab Le grand livre de la strat\u00e9gie, de la paix et de la guerre \u00bb d'Edward Luttwak.\",\"breadcrumb\":{\"@id\":\"https:\\\/\\\/leadershipcampus.ch\\\/fr\\\/2024\\\/08\\\/01\\\/livre-du-mois-le-grand-livre-de-la-strategie-de-la-paix-et-de-la-guerre-dedward-luttwak\\\/#breadcrumb\"},\"inLanguage\":\"fr-FR\",\"potentialAction\":[{\"@type\":\"ReadAction\",\"target\":[\"https:\\\/\\\/leadershipcampus.ch\\\/fr\\\/2024\\\/08\\\/01\\\/livre-du-mois-le-grand-livre-de-la-strategie-de-la-paix-et-de-la-guerre-dedward-luttwak\\\/\"]}]},{\"@type\":\"ImageObject\",\"inLanguage\":\"fr-FR\",\"@id\":\"https:\\\/\\\/leadershipcampus.ch\\\/fr\\\/2024\\\/08\\\/01\\\/livre-du-mois-le-grand-livre-de-la-strategie-de-la-paix-et-de-la-guerre-dedward-luttwak\\\/#primaryimage\",\"url\":\"https:\\\/\\\/leadershipcampus.ch\\\/fr\\\/wp-content\\\/uploads\\\/sites\\\/3\\\/Leadership-Campus-Leaders-Digest-8-Livre-du-mois-Le-grand-livre-de-la-strategie.png\",\"contentUrl\":\"https:\\\/\\\/leadershipcampus.ch\\\/fr\\\/wp-content\\\/uploads\\\/sites\\\/3\\\/Leadership-Campus-Leaders-Digest-8-Livre-du-mois-Le-grand-livre-de-la-strategie.png\",\"width\":720,\"height\":720,\"caption\":\"Couverture de \u00ab Le grand livre de la strat\u00e9gie, de la paix et de la guerre \u00bb d'Edward Luttwak.\"},{\"@type\":\"BreadcrumbList\",\"@id\":\"https:\\\/\\\/leadershipcampus.ch\\\/fr\\\/2024\\\/08\\\/01\\\/livre-du-mois-le-grand-livre-de-la-strategie-de-la-paix-et-de-la-guerre-dedward-luttwak\\\/#breadcrumb\",\"itemListElement\":[{\"@type\":\"ListItem\",\"position\":1,\"name\":\"Home\",\"item\":\"https:\\\/\\\/leadershipcampus.ch\\\/fr\\\/\"},{\"@type\":\"ListItem\",\"position\":2,\"name\":\"Livre du mois : \u00ab Le grand livre de la strat\u00e9gie, de la paix et de la guerre \u00bb d&rsquo;Edward Luttwak\"}]},{\"@type\":\"WebSite\",\"@id\":\"https:\\\/\\\/leadershipcampus.ch\\\/fr\\\/#website\",\"url\":\"https:\\\/\\\/leadershipcampus.ch\\\/fr\\\/\",\"name\":\"Leadership Campus de l&#039;Arm\u00e9e suisse\",\"description\":\"\",\"publisher\":{\"@id\":\"https:\\\/\\\/leadershipcampus.ch\\\/fr\\\/#organization\"},\"potentialAction\":[{\"@type\":\"SearchAction\",\"target\":{\"@type\":\"EntryPoint\",\"urlTemplate\":\"https:\\\/\\\/leadershipcampus.ch\\\/fr\\\/?s={search_term_string}\"},\"query-input\":{\"@type\":\"PropertyValueSpecification\",\"valueRequired\":true,\"valueName\":\"search_term_string\"}}],\"inLanguage\":\"fr-FR\"},{\"@type\":\"Organization\",\"@id\":\"https:\\\/\\\/leadershipcampus.ch\\\/fr\\\/#organization\",\"name\":\"Leadership Campus de l'Arm\u00e9e suisse\",\"url\":\"https:\\\/\\\/leadershipcampus.ch\\\/fr\\\/\",\"logo\":{\"@type\":\"ImageObject\",\"inLanguage\":\"fr-FR\",\"@id\":\"https:\\\/\\\/leadershipcampus.ch\\\/fr\\\/#\\\/schema\\\/logo\\\/image\\\/\",\"url\":\"https:\\\/\\\/leadershipcampus.ch\\\/fr\\\/wp-content\\\/uploads\\\/sites\\\/3\\\/2022\\\/04\\\/Logo-Leadership-Campus-FR.png\",\"contentUrl\":\"https:\\\/\\\/leadershipcampus.ch\\\/fr\\\/wp-content\\\/uploads\\\/sites\\\/3\\\/2022\\\/04\\\/Logo-Leadership-Campus-FR.png\",\"width\":498,\"height\":53,\"caption\":\"Leadership Campus de l'Arm\u00e9e suisse\"},\"image\":{\"@id\":\"https:\\\/\\\/leadershipcampus.ch\\\/fr\\\/#\\\/schema\\\/logo\\\/image\\\/\"}},{\"@type\":\"Person\",\"@id\":\"https:\\\/\\\/leadershipcampus.ch\\\/fr\\\/#\\\/schema\\\/person\\\/8c77b5c0643537fc8ac2e4de9e1c0794\",\"name\":\"administrator@leadershipcampus.ch\",\"sameAs\":[\"https:\\\/\\\/leadershipcampus.ch\"],\"url\":\"https:\\\/\\\/leadershipcampus.ch\\\/fr\\\/author\\\/administratorleadershipcampus-ch\\\/\"}]}<\/script>\n<!-- \/ Yoast SEO plugin. -->","yoast_head_json":{"title":"Livre du mois : \u00ab Le grand livre de la strat\u00e9gie, de la paix et de la guerre \u00bb d'Edward Luttwak &#8211; Leadership Campus de l&#039;Arm\u00e9e suisse","description":"Le col EMG Dominik Belser pr\u00e9sente \u00ab Le grand livre de la strat\u00e9gie, de la paix et de la guerre \u00bb d'Edward Luttwak.","robots":{"index":"index","follow":"follow","max-snippet":"max-snippet:-1","max-image-preview":"max-image-preview:large","max-video-preview":"max-video-preview:-1"},"canonical":"https:\/\/leadershipcampus.ch\/fr\/2024\/08\/01\/livre-du-mois-le-grand-livre-de-la-strategie-de-la-paix-et-de-la-guerre-dedward-luttwak\/","og_locale":"fr_FR","og_type":"article","og_title":"Livre du mois : \u00ab Le grand livre de la strat\u00e9gie, de la paix et de la guerre \u00bb d'Edward Luttwak &#8211; Leadership Campus de l&#039;Arm\u00e9e suisse","og_description":"Le col EMG Dominik Belser pr\u00e9sente \u00ab Le grand livre de la strat\u00e9gie, de la paix et de la guerre \u00bb d'Edward Luttwak.","og_url":"https:\/\/leadershipcampus.ch\/fr\/2024\/08\/01\/livre-du-mois-le-grand-livre-de-la-strategie-de-la-paix-et-de-la-guerre-dedward-luttwak\/","og_site_name":"Leadership Campus de l&#039;Arm\u00e9e suisse","article_published_time":"2024-08-01T13:46:00+00:00","og_image":[{"width":720,"height":720,"url":"https:\/\/leadershipcampus.ch\/fr\/wp-content\/uploads\/sites\/3\/Leadership-Campus-Leaders-Digest-8-Livre-du-mois-Le-grand-livre-de-la-strategie.png","type":"image\/png"}],"author":"administrator@leadershipcampus.ch","twitter_card":"summary_large_image","twitter_misc":{"\u00c9crit par":"administrator@leadershipcampus.ch","Dur\u00e9e de lecture estim\u00e9e":"7 minutes"},"schema":{"@context":"https:\/\/schema.org","@graph":[{"@type":"Article","@id":"https:\/\/leadershipcampus.ch\/fr\/2024\/08\/01\/livre-du-mois-le-grand-livre-de-la-strategie-de-la-paix-et-de-la-guerre-dedward-luttwak\/#article","isPartOf":{"@id":"https:\/\/leadershipcampus.ch\/fr\/2024\/08\/01\/livre-du-mois-le-grand-livre-de-la-strategie-de-la-paix-et-de-la-guerre-dedward-luttwak\/"},"author":{"name":"administrator@leadershipcampus.ch","@id":"https:\/\/leadershipcampus.ch\/fr\/#\/schema\/person\/8c77b5c0643537fc8ac2e4de9e1c0794"},"headline":"Livre du mois : \u00ab Le grand livre de la strat\u00e9gie, de la paix et de la guerre \u00bb d&rsquo;Edward Luttwak","datePublished":"2024-08-01T13:46:00+00:00","mainEntityOfPage":{"@id":"https:\/\/leadershipcampus.ch\/fr\/2024\/08\/01\/livre-du-mois-le-grand-livre-de-la-strategie-de-la-paix-et-de-la-guerre-dedward-luttwak\/"},"wordCount":1448,"publisher":{"@id":"https:\/\/leadershipcampus.ch\/fr\/#organization"},"image":{"@id":"https:\/\/leadershipcampus.ch\/fr\/2024\/08\/01\/livre-du-mois-le-grand-livre-de-la-strategie-de-la-paix-et-de-la-guerre-dedward-luttwak\/#primaryimage"},"thumbnailUrl":"https:\/\/leadershipcampus.ch\/fr\/wp-content\/uploads\/sites\/3\/Leadership-Campus-Leaders-Digest-8-Livre-du-mois-Le-grand-livre-de-la-strategie.png","keywords":["Dominik Belser","Edward Luttwak","livre du mois"],"articleSection":["Leader's Digest","Leader's Digest #8","Newsletter"],"inLanguage":"fr-FR"},{"@type":"WebPage","@id":"https:\/\/leadershipcampus.ch\/fr\/2024\/08\/01\/livre-du-mois-le-grand-livre-de-la-strategie-de-la-paix-et-de-la-guerre-dedward-luttwak\/","url":"https:\/\/leadershipcampus.ch\/fr\/2024\/08\/01\/livre-du-mois-le-grand-livre-de-la-strategie-de-la-paix-et-de-la-guerre-dedward-luttwak\/","name":"Livre du mois : \u00ab Le grand livre de la strat\u00e9gie, de la paix et de la guerre \u00bb d'Edward Luttwak &#8211; Leadership Campus de l&#039;Arm\u00e9e suisse","isPartOf":{"@id":"https:\/\/leadershipcampus.ch\/fr\/#website"},"primaryImageOfPage":{"@id":"https:\/\/leadershipcampus.ch\/fr\/2024\/08\/01\/livre-du-mois-le-grand-livre-de-la-strategie-de-la-paix-et-de-la-guerre-dedward-luttwak\/#primaryimage"},"image":{"@id":"https:\/\/leadershipcampus.ch\/fr\/2024\/08\/01\/livre-du-mois-le-grand-livre-de-la-strategie-de-la-paix-et-de-la-guerre-dedward-luttwak\/#primaryimage"},"thumbnailUrl":"https:\/\/leadershipcampus.ch\/fr\/wp-content\/uploads\/sites\/3\/Leadership-Campus-Leaders-Digest-8-Livre-du-mois-Le-grand-livre-de-la-strategie.png","datePublished":"2024-08-01T13:46:00+00:00","description":"Le col EMG Dominik Belser pr\u00e9sente \u00ab Le grand livre de la strat\u00e9gie, de la paix et de la guerre \u00bb d'Edward Luttwak.","breadcrumb":{"@id":"https:\/\/leadershipcampus.ch\/fr\/2024\/08\/01\/livre-du-mois-le-grand-livre-de-la-strategie-de-la-paix-et-de-la-guerre-dedward-luttwak\/#breadcrumb"},"inLanguage":"fr-FR","potentialAction":[{"@type":"ReadAction","target":["https:\/\/leadershipcampus.ch\/fr\/2024\/08\/01\/livre-du-mois-le-grand-livre-de-la-strategie-de-la-paix-et-de-la-guerre-dedward-luttwak\/"]}]},{"@type":"ImageObject","inLanguage":"fr-FR","@id":"https:\/\/leadershipcampus.ch\/fr\/2024\/08\/01\/livre-du-mois-le-grand-livre-de-la-strategie-de-la-paix-et-de-la-guerre-dedward-luttwak\/#primaryimage","url":"https:\/\/leadershipcampus.ch\/fr\/wp-content\/uploads\/sites\/3\/Leadership-Campus-Leaders-Digest-8-Livre-du-mois-Le-grand-livre-de-la-strategie.png","contentUrl":"https:\/\/leadershipcampus.ch\/fr\/wp-content\/uploads\/sites\/3\/Leadership-Campus-Leaders-Digest-8-Livre-du-mois-Le-grand-livre-de-la-strategie.png","width":720,"height":720,"caption":"Couverture de \u00ab Le grand livre de la strat\u00e9gie, de la paix et de la guerre \u00bb d'Edward Luttwak."},{"@type":"BreadcrumbList","@id":"https:\/\/leadershipcampus.ch\/fr\/2024\/08\/01\/livre-du-mois-le-grand-livre-de-la-strategie-de-la-paix-et-de-la-guerre-dedward-luttwak\/#breadcrumb","itemListElement":[{"@type":"ListItem","position":1,"name":"Home","item":"https:\/\/leadershipcampus.ch\/fr\/"},{"@type":"ListItem","position":2,"name":"Livre du mois : \u00ab Le grand livre de la strat\u00e9gie, de la paix et de la guerre \u00bb d&rsquo;Edward Luttwak"}]},{"@type":"WebSite","@id":"https:\/\/leadershipcampus.ch\/fr\/#website","url":"https:\/\/leadershipcampus.ch\/fr\/","name":"Leadership Campus de l&#039;Arm\u00e9e suisse","description":"","publisher":{"@id":"https:\/\/leadershipcampus.ch\/fr\/#organization"},"potentialAction":[{"@type":"SearchAction","target":{"@type":"EntryPoint","urlTemplate":"https:\/\/leadershipcampus.ch\/fr\/?s={search_term_string}"},"query-input":{"@type":"PropertyValueSpecification","valueRequired":true,"valueName":"search_term_string"}}],"inLanguage":"fr-FR"},{"@type":"Organization","@id":"https:\/\/leadershipcampus.ch\/fr\/#organization","name":"Leadership Campus de l'Arm\u00e9e suisse","url":"https:\/\/leadershipcampus.ch\/fr\/","logo":{"@type":"ImageObject","inLanguage":"fr-FR","@id":"https:\/\/leadershipcampus.ch\/fr\/#\/schema\/logo\/image\/","url":"https:\/\/leadershipcampus.ch\/fr\/wp-content\/uploads\/sites\/3\/2022\/04\/Logo-Leadership-Campus-FR.png","contentUrl":"https:\/\/leadershipcampus.ch\/fr\/wp-content\/uploads\/sites\/3\/2022\/04\/Logo-Leadership-Campus-FR.png","width":498,"height":53,"caption":"Leadership Campus de l'Arm\u00e9e suisse"},"image":{"@id":"https:\/\/leadershipcampus.ch\/fr\/#\/schema\/logo\/image\/"}},{"@type":"Person","@id":"https:\/\/leadershipcampus.ch\/fr\/#\/schema\/person\/8c77b5c0643537fc8ac2e4de9e1c0794","name":"administrator@leadershipcampus.ch","sameAs":["https:\/\/leadershipcampus.ch"],"url":"https:\/\/leadershipcampus.ch\/fr\/author\/administratorleadershipcampus-ch\/"}]}},"jetpack_featured_media_url":"https:\/\/leadershipcampus.ch\/fr\/wp-content\/uploads\/sites\/3\/Leadership-Campus-Leaders-Digest-8-Livre-du-mois-Le-grand-livre-de-la-strategie.png","jetpack-related-posts":[{"id":625,"url":"https:\/\/leadershipcampus.ch\/fr\/2024\/05\/02\/livre-du-mois-the-ai-commander-centaur-teaming-command-and-ethical-dilemmas-de-james-johnson\/","url_meta":{"origin":1009,"position":0},"title":"Livre du mois : \u00ab The AI Commander: Centaur Teaming, Command, and Ethical Dilemmas \u00bb de James Johnson","author":"administrator@leadershipcampus.ch","date":"2 mai 2024","format":false,"excerpt":"Le Dr. es lettres Florian Demont fait la critique de \u00ab The AI Commander : Centaur Teaming, Command, and Ethical Dilemmas \u00bb de James Johnson et met en lumi\u00e8re l'influence potentielle de l'intelligence artificielle sur le leadership dans le domaine militaire.","rel":"","context":"Dans &quot;Leader's Digest&quot;","block_context":{"text":"Leader's Digest","link":"https:\/\/leadershipcampus.ch\/fr\/category\/newsletter\/leaders-digest\/"},"img":{"alt_text":"Couverture de \u00ab The AI Commander: Centaur Teaming, Command, and Ethical Dilemmas \u00bb de James Johnson","src":"https:\/\/i0.wp.com\/leadershipcampus.ch\/fr\/wp-content\/uploads\/sites\/3\/Leadership-Campus-Leaders-Digest-5-Livre-du-mois-The-AI-Commander.png?resize=350%2C200&ssl=1","width":350,"height":200,"srcset":"https:\/\/i0.wp.com\/leadershipcampus.ch\/fr\/wp-content\/uploads\/sites\/3\/Leadership-Campus-Leaders-Digest-5-Livre-du-mois-The-AI-Commander.png?resize=350%2C200&ssl=1 1x, https:\/\/i0.wp.com\/leadershipcampus.ch\/fr\/wp-content\/uploads\/sites\/3\/Leadership-Campus-Leaders-Digest-5-Livre-du-mois-The-AI-Commander.png?resize=525%2C300&ssl=1 1.5x, https:\/\/i0.wp.com\/leadershipcampus.ch\/fr\/wp-content\/uploads\/sites\/3\/Leadership-Campus-Leaders-Digest-5-Livre-du-mois-The-AI-Commander.png?resize=700%2C400&ssl=1 2x"},"classes":[]},{"id":2481,"url":"https:\/\/leadershipcampus.ch\/fr\/2026\/03\/12\/livre-du-mois-pearl-harbor-japans-angriff-und-der-kriegseintritt-der-usa\/","url_meta":{"origin":1009,"position":1},"title":"Livre du mois: \u00abPearl Harbor: Japans Angriff und der Kriegseintritt der USA\u00bb","author":"nathanaelschabrun","date":"12 mars 2026","format":false,"excerpt":"Le lt col EMG Andr\u00e9 Stirnimann pr\u00e9sente le livre \u00ab Pearl Harbor: Japans Angriff und der Kriegseintritt der USA \u00bb de Takuma Melber.","rel":"","context":"Dans &quot;Leader's Digest&quot;","block_context":{"text":"Leader's Digest","link":"https:\/\/leadershipcampus.ch\/fr\/category\/newsletter\/leaders-digest\/"},"img":{"alt_text":"","src":"https:\/\/i0.wp.com\/leadershipcampus.ch\/fr\/wp-content\/uploads\/sites\/3\/71fN7hkBcL._SL1500_1.jpg?resize=350%2C200&ssl=1","width":350,"height":200,"srcset":"https:\/\/i0.wp.com\/leadershipcampus.ch\/fr\/wp-content\/uploads\/sites\/3\/71fN7hkBcL._SL1500_1.jpg?resize=350%2C200&ssl=1 1x, https:\/\/i0.wp.com\/leadershipcampus.ch\/fr\/wp-content\/uploads\/sites\/3\/71fN7hkBcL._SL1500_1.jpg?resize=525%2C300&ssl=1 1.5x, https:\/\/i0.wp.com\/leadershipcampus.ch\/fr\/wp-content\/uploads\/sites\/3\/71fN7hkBcL._SL1500_1.jpg?resize=700%2C400&ssl=1 2x"},"classes":[]},{"id":2278,"url":"https:\/\/leadershipcampus.ch\/fr\/2025\/08\/07\/livre-du-mois-aout-2025\/","url_meta":{"origin":1009,"position":2},"title":"Livre du mois : \u00abUrban Warfare in the 21st Century\u00bb","author":"nathanaelschabrun","date":"7 ao\u00fbt 2025","format":false,"excerpt":"Lt-col EMG Edouard Vifian pr\u00e9sente le livre \u00abUrban Warfare In The 21st Century\u00bb de Anthony King.","rel":"","context":"Dans &quot;Leader's Digest&quot;","block_context":{"text":"Leader's Digest","link":"https:\/\/leadershipcampus.ch\/fr\/category\/newsletter\/leaders-digest\/"},"img":{"alt_text":"","src":"https:\/\/i0.wp.com\/leadershipcampus.ch\/fr\/wp-content\/uploads\/sites\/3\/Urban-warfare-21-century.webp?resize=350%2C200&ssl=1","width":350,"height":200},"classes":[]},{"id":2221,"url":"https:\/\/leadershipcampus.ch\/fr\/2025\/07\/03\/livre-du-mois-juillet\/","url_meta":{"origin":1009,"position":3},"title":"Livre du mois : \u00abMy War Gone By, I Miss It So\u00bb","author":"nathanaelschabrun","date":"3 juillet 2025","format":false,"excerpt":"Lt col Samuel Heer pr\u00e9sente le livre \u00abMy War Gone By, I Miss It So\u00bb de Anthony Loyd.","rel":"","context":"Dans &quot;Leader's Digest&quot;","block_context":{"text":"Leader's Digest","link":"https:\/\/leadershipcampus.ch\/fr\/category\/newsletter\/leaders-digest\/"},"img":{"alt_text":"","src":"https:\/\/i0.wp.com\/leadershipcampus.ch\/fr\/wp-content\/uploads\/sites\/3\/My-war-gone-by-i-miss-it-so.jpg?resize=350%2C200&ssl=1","width":350,"height":200,"srcset":"https:\/\/i0.wp.com\/leadershipcampus.ch\/fr\/wp-content\/uploads\/sites\/3\/My-war-gone-by-i-miss-it-so.jpg?resize=350%2C200&ssl=1 1x, https:\/\/i0.wp.com\/leadershipcampus.ch\/fr\/wp-content\/uploads\/sites\/3\/My-war-gone-by-i-miss-it-so.jpg?resize=525%2C300&ssl=1 1.5x, https:\/\/i0.wp.com\/leadershipcampus.ch\/fr\/wp-content\/uploads\/sites\/3\/My-war-gone-by-i-miss-it-so.jpg?resize=700%2C400&ssl=1 2x, https:\/\/i0.wp.com\/leadershipcampus.ch\/fr\/wp-content\/uploads\/sites\/3\/My-war-gone-by-i-miss-it-so.jpg?resize=1050%2C600&ssl=1 3x, https:\/\/i0.wp.com\/leadershipcampus.ch\/fr\/wp-content\/uploads\/sites\/3\/My-war-gone-by-i-miss-it-so.jpg?resize=1400%2C800&ssl=1 4x"},"classes":[]},{"id":524,"url":"https:\/\/leadershipcampus.ch\/fr\/2024\/04\/04\/livre-du-mois-concrete-hell-urban-warfare-from-stalingrad-to-iraq-de-lou-dimarco\/","url_meta":{"origin":1009,"position":4},"title":"Livre du mois : \u00ab&nbsp;Concrete Hell: Urban Warfare from Stalingrad to Iraq\u00a0\u00bb de Lou DiMarco","author":"administrator@leadershipcampus.ch","date":"4 avril 2024","format":false,"excerpt":"Le maj Philipp Scherrer, officier de carri\u00e8re aupr\u00e8s du commandement stages et cours, commente le livre \u00ab Concrete Hell \u00bb et aborde les d\u00e9fis de la guerre urbaine.","rel":"","context":"Dans &quot;Leader's Digest&quot;","block_context":{"text":"Leader's Digest","link":"https:\/\/leadershipcampus.ch\/fr\/category\/newsletter\/leaders-digest\/"},"img":{"alt_text":"Couverture de \u00ab Concrete Hell: Urban Warfare from Stalingrad to Iraq \u00bb de Lou DiMarco","src":"https:\/\/i0.wp.com\/leadershipcampus.ch\/fr\/wp-content\/uploads\/sites\/3\/Leadership-Campus-Leaders-Digest-4-livre-du-mois-Concrete-Hell.png?resize=350%2C200&ssl=1","width":350,"height":200,"srcset":"https:\/\/i0.wp.com\/leadershipcampus.ch\/fr\/wp-content\/uploads\/sites\/3\/Leadership-Campus-Leaders-Digest-4-livre-du-mois-Concrete-Hell.png?resize=350%2C200&ssl=1 1x, https:\/\/i0.wp.com\/leadershipcampus.ch\/fr\/wp-content\/uploads\/sites\/3\/Leadership-Campus-Leaders-Digest-4-livre-du-mois-Concrete-Hell.png?resize=525%2C300&ssl=1 1.5x, https:\/\/i0.wp.com\/leadershipcampus.ch\/fr\/wp-content\/uploads\/sites\/3\/Leadership-Campus-Leaders-Digest-4-livre-du-mois-Concrete-Hell.png?resize=700%2C400&ssl=1 2x"},"classes":[]},{"id":2438,"url":"https:\/\/leadershipcampus.ch\/fr\/2025\/12\/11\/livre-du-mois-if-you-want-peace-prepare-for-war\/","url_meta":{"origin":1009,"position":5},"title":"Livre du mois: \u00abIf You Want Peace, Prepare for War\u00bb","author":"nathanaelschabrun","date":"11 d\u00e9cembre 2025","format":false,"excerpt":"Le chef de l\u2019arm\u00e9e, le commandant de corps Thomas S\u00fcssli, pr\u00e9sente \u00ab If You Want Peace, Prepare for War \u2014 A Blueprint for Deterrence \u00bb de l\u2019amiral en retraite Rob Bauer, qui y met en relation les \u00e9volutions actuelles de la s\u00e9curit\u00e9 internationale avec l\u2019exp\u00e9rience acquise au cours de sa\u2026","rel":"","context":"Dans &quot;Leader's Digest&quot;","block_context":{"text":"Leader's Digest","link":"https:\/\/leadershipcampus.ch\/fr\/category\/newsletter\/leaders-digest\/"},"img":{"alt_text":"","src":"https:\/\/i0.wp.com\/leadershipcampus.ch\/fr\/wp-content\/uploads\/sites\/3\/Book-Bauer1.jpg?resize=350%2C200&ssl=1","width":350,"height":200,"srcset":"https:\/\/i0.wp.com\/leadershipcampus.ch\/fr\/wp-content\/uploads\/sites\/3\/Book-Bauer1.jpg?resize=350%2C200&ssl=1 1x, https:\/\/i0.wp.com\/leadershipcampus.ch\/fr\/wp-content\/uploads\/sites\/3\/Book-Bauer1.jpg?resize=525%2C300&ssl=1 1.5x, https:\/\/i0.wp.com\/leadershipcampus.ch\/fr\/wp-content\/uploads\/sites\/3\/Book-Bauer1.jpg?resize=700%2C400&ssl=1 2x"},"classes":[]}],"jetpack_sharing_enabled":true,"_links":{"self":[{"href":"https:\/\/leadershipcampus.ch\/fr\/wp-json\/wp\/v2\/posts\/1009","targetHints":{"allow":["GET"]}}],"collection":[{"href":"https:\/\/leadershipcampus.ch\/fr\/wp-json\/wp\/v2\/posts"}],"about":[{"href":"https:\/\/leadershipcampus.ch\/fr\/wp-json\/wp\/v2\/types\/post"}],"author":[{"embeddable":true,"href":"https:\/\/leadershipcampus.ch\/fr\/wp-json\/wp\/v2\/users\/1"}],"replies":[{"embeddable":true,"href":"https:\/\/leadershipcampus.ch\/fr\/wp-json\/wp\/v2\/comments?post=1009"}],"version-history":[{"count":2,"href":"https:\/\/leadershipcampus.ch\/fr\/wp-json\/wp\/v2\/posts\/1009\/revisions"}],"predecessor-version":[{"id":1052,"href":"https:\/\/leadershipcampus.ch\/fr\/wp-json\/wp\/v2\/posts\/1009\/revisions\/1052"}],"wp:featuredmedia":[{"embeddable":true,"href":"https:\/\/leadershipcampus.ch\/fr\/wp-json\/wp\/v2\/media\/1050"}],"wp:attachment":[{"href":"https:\/\/leadershipcampus.ch\/fr\/wp-json\/wp\/v2\/media?parent=1009"}],"wp:term":[{"taxonomy":"category","embeddable":true,"href":"https:\/\/leadershipcampus.ch\/fr\/wp-json\/wp\/v2\/categories?post=1009"},{"taxonomy":"post_tag","embeddable":true,"href":"https:\/\/leadershipcampus.ch\/fr\/wp-json\/wp\/v2\/tags?post=1009"}],"curies":[{"name":"wp","href":"https:\/\/api.w.org\/{rel}","templated":true}]}}