{"id":133,"date":"2024-02-01T15:46:00","date_gmt":"2024-02-01T14:46:00","guid":{"rendered":"https:\/\/leadershipcampus.ch\/fr\/?p=133"},"modified":"2024-02-01T09:38:53","modified_gmt":"2024-02-01T08:38:53","slug":"livre-du-mois-about-face-odyssey-of-an-american-warrior-de-david-h-hackworth","status":"publish","type":"post","link":"https:\/\/leadershipcampus.ch\/fr\/2024\/02\/01\/livre-du-mois-about-face-odyssey-of-an-american-warrior-de-david-h-hackworth\/","title":{"rendered":"Livre du mois : \u00ab About Face: Odyssey of An American Warrior \u00bb de David H. Hackworth"},"content":{"rendered":"\n<h2 class=\"wp-block-heading\">Quel est le message cl\u00e9 du livre ?<\/h2>\n\n\n\n<p>Ce sont les m\u00e9moires du fantassin am\u00e9ricain le plus d\u00e9cor\u00e9 du XXe si\u00e8cle. Hackworth d\u00e9crit sa carri\u00e8re militaire, depuis l&rsquo;\u00e2ge de 15 ans o\u00f9 il s&rsquo;est faufil\u00e9 dans l&rsquo;arm\u00e9e am\u00e9ricaine post-WW2 jusqu&rsquo;\u00e0 celui de conseiller militaire des forces arm\u00e9es sud-vietnamiennes, qui, d\u00e9sabus\u00e9, a pr\u00e9f\u00e9r\u00e9 la retraite militaire \u00e0 la poursuite de sa carri\u00e8re. L&rsquo;accent est mis sur ses commandements dans diff\u00e9rentes fonctions de commandant au niveau de la section, de la compagnie et du bataillon pendant la guerre de Cor\u00e9e et du Vietnam.<\/p>\n\n\n\n<h2 class=\"wp-block-heading\">Qu&rsquo;est-ce qui vous pla\u00eet le plus dans ce livre ?<\/h2>\n\n\n\n<p>Jusqu&rsquo;\u00e0 pr\u00e9sent, je n&rsquo;ai trouv\u00e9 une description aussi crue et r\u00e9aliste des situations de combat que dans \u00ab In Stahlgewittern \u00bb d&rsquo;Ernst J\u00fcnger. On ressent de l&#8217;empathie pour le protagoniste audacieux qui, par sa duret\u00e9, sa conduite par l&rsquo;exemple, son abn\u00e9gation et sa cr\u00e9ativit\u00e9, parvient \u00e0 d\u00e9passer les unit\u00e9s qui lui sont subordonn\u00e9es, de se d\u00e9velopper. Il se heurte sans cesse \u00e0 la bureaucratie militaire et \u00e0 ses sup\u00e9rieurs.<\/p>\n\n\n\n<h2 class=\"wp-block-heading\">Y a-t-il des points sur lesquels vous ne soutenez pas l&rsquo;argumentation du livre ou des domaines qui, selon vous, ne sont pas assez d\u00e9velopp\u00e9s ?<\/h2>\n\n\n\n<p>La classification des autres personnes, qu&rsquo;il s&rsquo;agisse de sup\u00e9rieurs, de pairs ou de subordonn\u00e9s que David H. Hackworth a connus au cours de sa carri\u00e8re militaire, est extr\u00eamement dichotomique. Soit il t\u00e9moigne d&rsquo;un grand respect, soit il ne laisse planer aucun doute sur son m\u00e9pris. La r\u00e9alit\u00e9 est probablement bien plus complexe. Ses m\u00e9thodes de commandement controvers\u00e9es doivent \u00e9galement \u00eatre consid\u00e9r\u00e9es dans leur contexte historique, militaire et social. Hackworth laisse \u00e9galement transpara\u00eetre \u00e0 plusieurs reprises une fascination pour le militaire et le formel, que je ne partage pas.<\/p>\n\n\n\n<h2 class=\"wp-block-heading\">\u00c0 qui s&rsquo;adresse votre recommandation ?<\/h2>\n\n\n\n<p>Il s&rsquo;adresse en premier lieu aux chefs tactiques de section \u00e0 bataillon. En outre, ce livre devrait \u00e9galement aider les officiers d&rsquo;\u00e9tat-major et les cadres de la bureaucratie militaire \u00e0 r\u00e9fl\u00e9chir sur eux-m\u00eames.<\/p>\n\n\n\n<h2 class=\"wp-block-heading\">Comment ce livre vous a-t-il aid\u00e9 dans votre quotidien de chef militaire ?<\/h2>\n\n\n\n<p>Le livre sert \u00e0 d\u00e9velopper une certaine humilit\u00e9. On se rend compte que malgr\u00e9 toute sa confiance en soi, on ne pourrait (heureusement) jamais \u00e9galer un Hackworth. En outre, il aide un commandant qui s&rsquo;\u00e9nerve de temps \u00e0 autre contre la bureaucratie, les \u00e9tats-majors sup\u00e9rieurs et les d\u00e9cisions incompr\u00e9hensibles de ses sup\u00e9rieurs, \u00e0 mettre plut\u00f4t son \u00e9nergie au service de ses subordonn\u00e9s. Enfin, si l&rsquo;on se retrouve dans le cadre de sa carri\u00e8re dans une fonction d&rsquo;\u00e9tat-major, le livre aide \u00e0 se rappeler que sa propre raison d&rsquo;\u00eatre est le soldat qui doit remplir sa mission \u00ab m\u00eame au prix de sa vie \u00bb.<\/p>\n\n\n\n<h2 class=\"wp-block-heading\">\u00c0 quel aspect du mod\u00e8le Command-Leadership-Management attribuez-vous votre livre ?<\/h2>\n\n\n\n<p>Le livre couvre des aspects de l&rsquo;ensemble du mod\u00e8le CLM. L&rsquo;interaction entre le commandement et le leadership est certainement au centre de l&rsquo;ouvrage. Hackworth est confront\u00e9 \u00e0 plusieurs reprises \u00e0 la n\u00e9cessit\u00e9 de d\u00e9velopper de nouvelles approches tactiques tout en r\u00e9organisant l&rsquo;unit\u00e9 correspondante. (\u00ab Out-Guerrilla the Guerrilla \u00bb).<\/p>\n\n\n\n<h2 class=\"wp-block-heading\">O\u00f9 voyez-vous les plus grands d\u00e9fis \u00e0 venir pour le commandement dans l&rsquo;arm\u00e9e suisse ?<\/h2>\n\n\n\n<p>Alors que l&rsquo;arm\u00e9e suisse est une arm\u00e9e de paix qui fonctionne bien en soi, nous avons du mal \u00e0 nous pencher s\u00e9rieusement sur les exigences de la guerre en mati\u00e8re de commandement. La \u00ab conduite par objectifs \u00bb (Auftragstaktik) est certes souvent cit\u00e9e, mais malheureusement pas v\u00e9cue de mani\u00e8re cons\u00e9quente. De plus, la formation des cadres est trop ax\u00e9e sur la formation aux processus. C&rsquo;est ici que le changement de culture vis\u00e9 doit avoir lieu avec toute la rigueur n\u00e9cessaire.<\/p>\n\n\n\n<h2 class=\"wp-block-heading\">Et o\u00f9 voyez-vous les plus grandes chances \u00e0 cet \u00e9gard ?<\/h2>\n\n\n\n<p>Dans l&rsquo;agilit\u00e9 de la milice. Notre arm\u00e9e organis\u00e9e selon le principe de la milice permet d&rsquo;op\u00e9rer un changement culturel plus rapidement que cela ne serait possible dans une arm\u00e9e purement professionnelle.<\/p>\n\n\n\n<hr class=\"wp-block-separator has-alpha-channel-opacity\"\/>\n\n\n\n<h2 class=\"wp-block-heading\">\u00c0 propos de l&rsquo;auteur de la recension<\/h2>\n\n\n\n<p>Le lt col EMG <a href=\"https:\/\/www.linkedin.com\/in\/olaf-niederberger-70006622a\/\">Olaf Niederberger<\/a> est officier de carri\u00e8re depuis 15 ans, avec diff\u00e9rents commandements en Suisse et \u00e0 l&rsquo;\u00e9tranger. Il est titulaire d&rsquo;un BA en sciences gouvernementales de l&rsquo;EPF de Zurich et d&rsquo;un MA en \u00e9tudes de d\u00e9fense du King&rsquo;s College de Londres. Il commande le bataillon d&rsquo;infanterie de montagne 48 depuis 2020 et vit avec sa femme et ses deux enfants \u00e0 Nidwald.<\/p>\n\n\n\n<h2 class=\"wp-block-heading\">\u00c0 propos du \u00ab Livre du mois \u00bb<\/h2>\n\n\n\n<p>Le \u00ab livre du mois \u00bb est une rubrique r\u00e9currente de la newsletter <a href=\"https:\/\/leadershipcampus.ch\/leaders\/leaders-digest\/\">Leader&rsquo;s Digest<\/a>. Cette newsletter est le fruit d&rsquo;une coop\u00e9ration entre le <a href=\"https:\/\/leadershipcampus.ch\/fr\/\">Leadership Campus de l&rsquo;Arm\u00e9e suisse<\/a> et les <a href=\"https:\/\/www.vtg.admin.ch\/fr\/groupement-de-la-Defense\/organisation\/kdo-ausb\/fsca\/milak\/militaerwissenschaftliche-forschung-und-lehre\/dozentur-fuehrung-und-kommunikation.html\" target=\"_blank\" rel=\"noreferrer noopener\">\u00e9tudes conduite et communication<\/a> de l&rsquo;Acad\u00e9mie militaire \u00e0 l&rsquo;EPF de Zurich. Si vous n&rsquo;\u00eates pas encore abonn\u00e9 au Leader&rsquo;s Digest, vous trouverez de plus amples informations ainsi que le formulaire d&rsquo;inscription en cliquant sur ce <a href=\"https:\/\/leadershipcampus.ch\/leaders\/leaders-digest\/\">lien<\/a>.<\/p>\n","protected":false},"excerpt":{"rendered":"<p>Le lt col EMG Olaf Niederberger, commandant du bataillon d&rsquo;infanterie de montagne 48, pr\u00e9sente le livre \u00ab About Face : The Odyssey of An American Soldier \u00bb de David H. Hackworth et explique pourquoi l&rsquo;arm\u00e9e suisse a besoin d&rsquo;un changement de culture et ce qui aide \u00e0 y parvenir.<\/p>\n","protected":false},"author":1,"featured_media":198,"comment_status":"closed","ping_status":"closed","sticky":false,"template":"","format":"standard","meta":{"_jetpack_memberships_contains_paid_content":false,"footnotes":""},"categories":[9,16,8],"tags":[17,10,18],"class_list":["post-133","post","type-post","status-publish","format-standard","has-post-thumbnail","hentry","category-leaders-digest","category-leaders-digest-2","category-newsletter","tag-david-h-hackworth","tag-livre-du-mois","tag-olaf-niederberger"],"yoast_head":"<!-- This site is optimized with the Yoast SEO plugin v27.4 - https:\/\/yoast.com\/product\/yoast-seo-wordpress\/ -->\n<title>Livre du mois : \u00ab About Face: Odyssey of An American Warrior \u00bb de David H. Hackworth &#8211; Leadership Campus de l&#039;Arm\u00e9e suisse<\/title>\n<meta name=\"description\" content=\"Le lt col EMG Olaf Niederberger, cdt bat infanterie mont 48, pr\u00e9sente le livre \u00ab About Face : The Odyssey of An American Soldier \u00bb de David H. Hackworth\" \/>\n<meta name=\"robots\" content=\"index, follow, max-snippet:-1, max-image-preview:large, max-video-preview:-1\" \/>\n<link rel=\"canonical\" href=\"https:\/\/leadershipcampus.ch\/fr\/2024\/02\/01\/livre-du-mois-about-face-odyssey-of-an-american-warrior-de-david-h-hackworth\/\" \/>\n<meta property=\"og:locale\" content=\"fr_FR\" \/>\n<meta property=\"og:type\" content=\"article\" \/>\n<meta property=\"og:title\" content=\"Livre du mois : \u00ab About Face: Odyssey of An American Warrior \u00bb de David H. Hackworth &#8211; Leadership Campus de l&#039;Arm\u00e9e suisse\" \/>\n<meta property=\"og:description\" content=\"Le lt col EMG Olaf Niederberger, cdt bat infanterie mont 48, pr\u00e9sente le livre \u00ab About Face : The Odyssey of An American Soldier \u00bb de David H. Hackworth\" \/>\n<meta property=\"og:url\" content=\"https:\/\/leadershipcampus.ch\/fr\/2024\/02\/01\/livre-du-mois-about-face-odyssey-of-an-american-warrior-de-david-h-hackworth\/\" \/>\n<meta property=\"og:site_name\" content=\"Leadership Campus de l&#039;Arm\u00e9e suisse\" \/>\n<meta property=\"article:published_time\" content=\"2024-02-01T14:46:00+00:00\" \/>\n<meta property=\"og:image\" content=\"https:\/\/leadershipcampus.ch\/fr\/wp-content\/uploads\/sites\/3\/Leadership-Campus-Leaders-Digest-2-Buch-des-Monats-About-Face.png\" \/>\n\t<meta property=\"og:image:width\" content=\"720\" \/>\n\t<meta property=\"og:image:height\" content=\"720\" \/>\n\t<meta property=\"og:image:type\" content=\"image\/png\" \/>\n<meta name=\"author\" content=\"administrator@leadershipcampus.ch\" \/>\n<meta name=\"twitter:card\" content=\"summary_large_image\" \/>\n<meta name=\"twitter:label1\" content=\"\u00c9crit par\" \/>\n\t<meta name=\"twitter:data1\" content=\"administrator@leadershipcampus.ch\" \/>\n\t<meta name=\"twitter:label2\" content=\"Dur\u00e9e de lecture estim\u00e9e\" \/>\n\t<meta name=\"twitter:data2\" content=\"4 minutes\" \/>\n<script type=\"application\/ld+json\" class=\"yoast-schema-graph\">{\"@context\":\"https:\\\/\\\/schema.org\",\"@graph\":[{\"@type\":\"Article\",\"@id\":\"https:\\\/\\\/leadershipcampus.ch\\\/fr\\\/2024\\\/02\\\/01\\\/livre-du-mois-about-face-odyssey-of-an-american-warrior-de-david-h-hackworth\\\/#article\",\"isPartOf\":{\"@id\":\"https:\\\/\\\/leadershipcampus.ch\\\/fr\\\/2024\\\/02\\\/01\\\/livre-du-mois-about-face-odyssey-of-an-american-warrior-de-david-h-hackworth\\\/\"},\"author\":{\"name\":\"administrator@leadershipcampus.ch\",\"@id\":\"https:\\\/\\\/leadershipcampus.ch\\\/fr\\\/#\\\/schema\\\/person\\\/8c77b5c0643537fc8ac2e4de9e1c0794\"},\"headline\":\"Livre du mois : \u00ab About Face: Odyssey of An American Warrior \u00bb de David H. Hackworth\",\"datePublished\":\"2024-02-01T14:46:00+00:00\",\"mainEntityOfPage\":{\"@id\":\"https:\\\/\\\/leadershipcampus.ch\\\/fr\\\/2024\\\/02\\\/01\\\/livre-du-mois-about-face-odyssey-of-an-american-warrior-de-david-h-hackworth\\\/\"},\"wordCount\":873,\"publisher\":{\"@id\":\"https:\\\/\\\/leadershipcampus.ch\\\/fr\\\/#organization\"},\"image\":{\"@id\":\"https:\\\/\\\/leadershipcampus.ch\\\/fr\\\/2024\\\/02\\\/01\\\/livre-du-mois-about-face-odyssey-of-an-american-warrior-de-david-h-hackworth\\\/#primaryimage\"},\"thumbnailUrl\":\"https:\\\/\\\/leadershipcampus.ch\\\/fr\\\/wp-content\\\/uploads\\\/sites\\\/3\\\/Leadership-Campus-Leaders-Digest-2-Buch-des-Monats-About-Face.png\",\"keywords\":[\"David H. Hackworth\",\"livre du mois\",\"Olaf Niederberger\"],\"articleSection\":[\"Leader's Digest\",\"Leader's Digest #2\",\"Newsletter\"],\"inLanguage\":\"fr-FR\"},{\"@type\":\"WebPage\",\"@id\":\"https:\\\/\\\/leadershipcampus.ch\\\/fr\\\/2024\\\/02\\\/01\\\/livre-du-mois-about-face-odyssey-of-an-american-warrior-de-david-h-hackworth\\\/\",\"url\":\"https:\\\/\\\/leadershipcampus.ch\\\/fr\\\/2024\\\/02\\\/01\\\/livre-du-mois-about-face-odyssey-of-an-american-warrior-de-david-h-hackworth\\\/\",\"name\":\"Livre du mois : \u00ab About Face: Odyssey of An American Warrior \u00bb de David H. Hackworth &#8211; Leadership Campus de l&#039;Arm\u00e9e suisse\",\"isPartOf\":{\"@id\":\"https:\\\/\\\/leadershipcampus.ch\\\/fr\\\/#website\"},\"primaryImageOfPage\":{\"@id\":\"https:\\\/\\\/leadershipcampus.ch\\\/fr\\\/2024\\\/02\\\/01\\\/livre-du-mois-about-face-odyssey-of-an-american-warrior-de-david-h-hackworth\\\/#primaryimage\"},\"image\":{\"@id\":\"https:\\\/\\\/leadershipcampus.ch\\\/fr\\\/2024\\\/02\\\/01\\\/livre-du-mois-about-face-odyssey-of-an-american-warrior-de-david-h-hackworth\\\/#primaryimage\"},\"thumbnailUrl\":\"https:\\\/\\\/leadershipcampus.ch\\\/fr\\\/wp-content\\\/uploads\\\/sites\\\/3\\\/Leadership-Campus-Leaders-Digest-2-Buch-des-Monats-About-Face.png\",\"datePublished\":\"2024-02-01T14:46:00+00:00\",\"description\":\"Le lt col EMG Olaf Niederberger, cdt bat infanterie mont 48, pr\u00e9sente le livre \u00ab About Face : The Odyssey of An American Soldier \u00bb de David H. Hackworth\",\"breadcrumb\":{\"@id\":\"https:\\\/\\\/leadershipcampus.ch\\\/fr\\\/2024\\\/02\\\/01\\\/livre-du-mois-about-face-odyssey-of-an-american-warrior-de-david-h-hackworth\\\/#breadcrumb\"},\"inLanguage\":\"fr-FR\",\"potentialAction\":[{\"@type\":\"ReadAction\",\"target\":[\"https:\\\/\\\/leadershipcampus.ch\\\/fr\\\/2024\\\/02\\\/01\\\/livre-du-mois-about-face-odyssey-of-an-american-warrior-de-david-h-hackworth\\\/\"]}]},{\"@type\":\"ImageObject\",\"inLanguage\":\"fr-FR\",\"@id\":\"https:\\\/\\\/leadershipcampus.ch\\\/fr\\\/2024\\\/02\\\/01\\\/livre-du-mois-about-face-odyssey-of-an-american-warrior-de-david-h-hackworth\\\/#primaryimage\",\"url\":\"https:\\\/\\\/leadershipcampus.ch\\\/fr\\\/wp-content\\\/uploads\\\/sites\\\/3\\\/Leadership-Campus-Leaders-Digest-2-Buch-des-Monats-About-Face.png\",\"contentUrl\":\"https:\\\/\\\/leadershipcampus.ch\\\/fr\\\/wp-content\\\/uploads\\\/sites\\\/3\\\/Leadership-Campus-Leaders-Digest-2-Buch-des-Monats-About-Face.png\",\"width\":720,\"height\":720,\"caption\":\"Couverture de \u00ab About Face: Odyssey of An American Warrior \u00bb de David H. Hackworth\"},{\"@type\":\"BreadcrumbList\",\"@id\":\"https:\\\/\\\/leadershipcampus.ch\\\/fr\\\/2024\\\/02\\\/01\\\/livre-du-mois-about-face-odyssey-of-an-american-warrior-de-david-h-hackworth\\\/#breadcrumb\",\"itemListElement\":[{\"@type\":\"ListItem\",\"position\":1,\"name\":\"Home\",\"item\":\"https:\\\/\\\/leadershipcampus.ch\\\/fr\\\/\"},{\"@type\":\"ListItem\",\"position\":2,\"name\":\"Livre du mois : \u00ab About Face: Odyssey of An American Warrior \u00bb de David H. Hackworth\"}]},{\"@type\":\"WebSite\",\"@id\":\"https:\\\/\\\/leadershipcampus.ch\\\/fr\\\/#website\",\"url\":\"https:\\\/\\\/leadershipcampus.ch\\\/fr\\\/\",\"name\":\"Leadership Campus de l&#039;Arm\u00e9e suisse\",\"description\":\"\",\"publisher\":{\"@id\":\"https:\\\/\\\/leadershipcampus.ch\\\/fr\\\/#organization\"},\"potentialAction\":[{\"@type\":\"SearchAction\",\"target\":{\"@type\":\"EntryPoint\",\"urlTemplate\":\"https:\\\/\\\/leadershipcampus.ch\\\/fr\\\/?s={search_term_string}\"},\"query-input\":{\"@type\":\"PropertyValueSpecification\",\"valueRequired\":true,\"valueName\":\"search_term_string\"}}],\"inLanguage\":\"fr-FR\"},{\"@type\":\"Organization\",\"@id\":\"https:\\\/\\\/leadershipcampus.ch\\\/fr\\\/#organization\",\"name\":\"Leadership Campus de l'Arm\u00e9e suisse\",\"url\":\"https:\\\/\\\/leadershipcampus.ch\\\/fr\\\/\",\"logo\":{\"@type\":\"ImageObject\",\"inLanguage\":\"fr-FR\",\"@id\":\"https:\\\/\\\/leadershipcampus.ch\\\/fr\\\/#\\\/schema\\\/logo\\\/image\\\/\",\"url\":\"https:\\\/\\\/leadershipcampus.ch\\\/fr\\\/wp-content\\\/uploads\\\/sites\\\/3\\\/2022\\\/04\\\/Logo-Leadership-Campus-FR.png\",\"contentUrl\":\"https:\\\/\\\/leadershipcampus.ch\\\/fr\\\/wp-content\\\/uploads\\\/sites\\\/3\\\/2022\\\/04\\\/Logo-Leadership-Campus-FR.png\",\"width\":498,\"height\":53,\"caption\":\"Leadership Campus de l'Arm\u00e9e suisse\"},\"image\":{\"@id\":\"https:\\\/\\\/leadershipcampus.ch\\\/fr\\\/#\\\/schema\\\/logo\\\/image\\\/\"}},{\"@type\":\"Person\",\"@id\":\"https:\\\/\\\/leadershipcampus.ch\\\/fr\\\/#\\\/schema\\\/person\\\/8c77b5c0643537fc8ac2e4de9e1c0794\",\"name\":\"administrator@leadershipcampus.ch\",\"sameAs\":[\"https:\\\/\\\/leadershipcampus.ch\"],\"url\":\"https:\\\/\\\/leadershipcampus.ch\\\/fr\\\/author\\\/administratorleadershipcampus-ch\\\/\"}]}<\/script>\n<!-- \/ Yoast SEO plugin. -->","yoast_head_json":{"title":"Livre du mois : \u00ab About Face: Odyssey of An American Warrior \u00bb de David H. Hackworth &#8211; Leadership Campus de l&#039;Arm\u00e9e suisse","description":"Le lt col EMG Olaf Niederberger, cdt bat infanterie mont 48, pr\u00e9sente le livre \u00ab About Face : The Odyssey of An American Soldier \u00bb de David H. Hackworth","robots":{"index":"index","follow":"follow","max-snippet":"max-snippet:-1","max-image-preview":"max-image-preview:large","max-video-preview":"max-video-preview:-1"},"canonical":"https:\/\/leadershipcampus.ch\/fr\/2024\/02\/01\/livre-du-mois-about-face-odyssey-of-an-american-warrior-de-david-h-hackworth\/","og_locale":"fr_FR","og_type":"article","og_title":"Livre du mois : \u00ab About Face: Odyssey of An American Warrior \u00bb de David H. Hackworth &#8211; Leadership Campus de l&#039;Arm\u00e9e suisse","og_description":"Le lt col EMG Olaf Niederberger, cdt bat infanterie mont 48, pr\u00e9sente le livre \u00ab About Face : The Odyssey of An American Soldier \u00bb de David H. Hackworth","og_url":"https:\/\/leadershipcampus.ch\/fr\/2024\/02\/01\/livre-du-mois-about-face-odyssey-of-an-american-warrior-de-david-h-hackworth\/","og_site_name":"Leadership Campus de l&#039;Arm\u00e9e suisse","article_published_time":"2024-02-01T14:46:00+00:00","og_image":[{"width":720,"height":720,"url":"https:\/\/leadershipcampus.ch\/fr\/wp-content\/uploads\/sites\/3\/Leadership-Campus-Leaders-Digest-2-Buch-des-Monats-About-Face.png","type":"image\/png"}],"author":"administrator@leadershipcampus.ch","twitter_card":"summary_large_image","twitter_misc":{"\u00c9crit par":"administrator@leadershipcampus.ch","Dur\u00e9e de lecture estim\u00e9e":"4 minutes"},"schema":{"@context":"https:\/\/schema.org","@graph":[{"@type":"Article","@id":"https:\/\/leadershipcampus.ch\/fr\/2024\/02\/01\/livre-du-mois-about-face-odyssey-of-an-american-warrior-de-david-h-hackworth\/#article","isPartOf":{"@id":"https:\/\/leadershipcampus.ch\/fr\/2024\/02\/01\/livre-du-mois-about-face-odyssey-of-an-american-warrior-de-david-h-hackworth\/"},"author":{"name":"administrator@leadershipcampus.ch","@id":"https:\/\/leadershipcampus.ch\/fr\/#\/schema\/person\/8c77b5c0643537fc8ac2e4de9e1c0794"},"headline":"Livre du mois : \u00ab About Face: Odyssey of An American Warrior \u00bb de David H. Hackworth","datePublished":"2024-02-01T14:46:00+00:00","mainEntityOfPage":{"@id":"https:\/\/leadershipcampus.ch\/fr\/2024\/02\/01\/livre-du-mois-about-face-odyssey-of-an-american-warrior-de-david-h-hackworth\/"},"wordCount":873,"publisher":{"@id":"https:\/\/leadershipcampus.ch\/fr\/#organization"},"image":{"@id":"https:\/\/leadershipcampus.ch\/fr\/2024\/02\/01\/livre-du-mois-about-face-odyssey-of-an-american-warrior-de-david-h-hackworth\/#primaryimage"},"thumbnailUrl":"https:\/\/leadershipcampus.ch\/fr\/wp-content\/uploads\/sites\/3\/Leadership-Campus-Leaders-Digest-2-Buch-des-Monats-About-Face.png","keywords":["David H. Hackworth","livre du mois","Olaf Niederberger"],"articleSection":["Leader's Digest","Leader's Digest #2","Newsletter"],"inLanguage":"fr-FR"},{"@type":"WebPage","@id":"https:\/\/leadershipcampus.ch\/fr\/2024\/02\/01\/livre-du-mois-about-face-odyssey-of-an-american-warrior-de-david-h-hackworth\/","url":"https:\/\/leadershipcampus.ch\/fr\/2024\/02\/01\/livre-du-mois-about-face-odyssey-of-an-american-warrior-de-david-h-hackworth\/","name":"Livre du mois : \u00ab About Face: Odyssey of An American Warrior \u00bb de David H. Hackworth &#8211; Leadership Campus de l&#039;Arm\u00e9e suisse","isPartOf":{"@id":"https:\/\/leadershipcampus.ch\/fr\/#website"},"primaryImageOfPage":{"@id":"https:\/\/leadershipcampus.ch\/fr\/2024\/02\/01\/livre-du-mois-about-face-odyssey-of-an-american-warrior-de-david-h-hackworth\/#primaryimage"},"image":{"@id":"https:\/\/leadershipcampus.ch\/fr\/2024\/02\/01\/livre-du-mois-about-face-odyssey-of-an-american-warrior-de-david-h-hackworth\/#primaryimage"},"thumbnailUrl":"https:\/\/leadershipcampus.ch\/fr\/wp-content\/uploads\/sites\/3\/Leadership-Campus-Leaders-Digest-2-Buch-des-Monats-About-Face.png","datePublished":"2024-02-01T14:46:00+00:00","description":"Le lt col EMG Olaf Niederberger, cdt bat infanterie mont 48, pr\u00e9sente le livre \u00ab About Face : The Odyssey of An American Soldier \u00bb de David H. Hackworth","breadcrumb":{"@id":"https:\/\/leadershipcampus.ch\/fr\/2024\/02\/01\/livre-du-mois-about-face-odyssey-of-an-american-warrior-de-david-h-hackworth\/#breadcrumb"},"inLanguage":"fr-FR","potentialAction":[{"@type":"ReadAction","target":["https:\/\/leadershipcampus.ch\/fr\/2024\/02\/01\/livre-du-mois-about-face-odyssey-of-an-american-warrior-de-david-h-hackworth\/"]}]},{"@type":"ImageObject","inLanguage":"fr-FR","@id":"https:\/\/leadershipcampus.ch\/fr\/2024\/02\/01\/livre-du-mois-about-face-odyssey-of-an-american-warrior-de-david-h-hackworth\/#primaryimage","url":"https:\/\/leadershipcampus.ch\/fr\/wp-content\/uploads\/sites\/3\/Leadership-Campus-Leaders-Digest-2-Buch-des-Monats-About-Face.png","contentUrl":"https:\/\/leadershipcampus.ch\/fr\/wp-content\/uploads\/sites\/3\/Leadership-Campus-Leaders-Digest-2-Buch-des-Monats-About-Face.png","width":720,"height":720,"caption":"Couverture de \u00ab About Face: Odyssey of An American Warrior \u00bb de David H. Hackworth"},{"@type":"BreadcrumbList","@id":"https:\/\/leadershipcampus.ch\/fr\/2024\/02\/01\/livre-du-mois-about-face-odyssey-of-an-american-warrior-de-david-h-hackworth\/#breadcrumb","itemListElement":[{"@type":"ListItem","position":1,"name":"Home","item":"https:\/\/leadershipcampus.ch\/fr\/"},{"@type":"ListItem","position":2,"name":"Livre du mois : \u00ab About Face: Odyssey of An American Warrior \u00bb de David H. Hackworth"}]},{"@type":"WebSite","@id":"https:\/\/leadershipcampus.ch\/fr\/#website","url":"https:\/\/leadershipcampus.ch\/fr\/","name":"Leadership Campus de l&#039;Arm\u00e9e suisse","description":"","publisher":{"@id":"https:\/\/leadershipcampus.ch\/fr\/#organization"},"potentialAction":[{"@type":"SearchAction","target":{"@type":"EntryPoint","urlTemplate":"https:\/\/leadershipcampus.ch\/fr\/?s={search_term_string}"},"query-input":{"@type":"PropertyValueSpecification","valueRequired":true,"valueName":"search_term_string"}}],"inLanguage":"fr-FR"},{"@type":"Organization","@id":"https:\/\/leadershipcampus.ch\/fr\/#organization","name":"Leadership Campus de l'Arm\u00e9e suisse","url":"https:\/\/leadershipcampus.ch\/fr\/","logo":{"@type":"ImageObject","inLanguage":"fr-FR","@id":"https:\/\/leadershipcampus.ch\/fr\/#\/schema\/logo\/image\/","url":"https:\/\/leadershipcampus.ch\/fr\/wp-content\/uploads\/sites\/3\/2022\/04\/Logo-Leadership-Campus-FR.png","contentUrl":"https:\/\/leadershipcampus.ch\/fr\/wp-content\/uploads\/sites\/3\/2022\/04\/Logo-Leadership-Campus-FR.png","width":498,"height":53,"caption":"Leadership Campus de l'Arm\u00e9e suisse"},"image":{"@id":"https:\/\/leadershipcampus.ch\/fr\/#\/schema\/logo\/image\/"}},{"@type":"Person","@id":"https:\/\/leadershipcampus.ch\/fr\/#\/schema\/person\/8c77b5c0643537fc8ac2e4de9e1c0794","name":"administrator@leadershipcampus.ch","sameAs":["https:\/\/leadershipcampus.ch"],"url":"https:\/\/leadershipcampus.ch\/fr\/author\/administratorleadershipcampus-ch\/"}]}},"jetpack_featured_media_url":"https:\/\/leadershipcampus.ch\/fr\/wp-content\/uploads\/sites\/3\/Leadership-Campus-Leaders-Digest-2-Buch-des-Monats-About-Face.png","jetpack-related-posts":[{"id":2366,"url":"https:\/\/leadershipcampus.ch\/fr\/2025\/10\/02\/livre-du-mois-grunts-inside-the-american-infantry-experience\/","url_meta":{"origin":133,"position":0},"title":"Livre du mois: \u00abGrunts: Inside the American Infantry Experience\u00bb","author":"nathanaelschabrun","date":"2 octobre 2025","format":false,"excerpt":"Le lt col EMG Patrick Hofstetter pr\u00e9sente le livre \u00abGrunts: Inside the American Infantry Experience\u00bb de l\u2019historien militaire am\u00e9ricain John McManus. Cet ouvrage retrace en dix chapitres l\u2019histoire de l\u2019infanterie am\u00e9ricaine, de Guam en 1944 jusqu\u2019\u00e0 l\u2019Irak en 2007.","rel":"","context":"Dans &quot;Leader's Digest&quot;","block_context":{"text":"Leader's Digest","link":"https:\/\/leadershipcampus.ch\/fr\/category\/newsletter\/leaders-digest\/"},"img":{"alt_text":"","src":"https:\/\/i0.wp.com\/leadershipcampus.ch\/fr\/wp-content\/uploads\/sites\/3\/Grunt-Book-1.jpg?resize=350%2C200&ssl=1","width":350,"height":200,"srcset":"https:\/\/i0.wp.com\/leadershipcampus.ch\/fr\/wp-content\/uploads\/sites\/3\/Grunt-Book-1.jpg?resize=350%2C200&ssl=1 1x, https:\/\/i0.wp.com\/leadershipcampus.ch\/fr\/wp-content\/uploads\/sites\/3\/Grunt-Book-1.jpg?resize=525%2C300&ssl=1 1.5x, https:\/\/i0.wp.com\/leadershipcampus.ch\/fr\/wp-content\/uploads\/sites\/3\/Grunt-Book-1.jpg?resize=700%2C400&ssl=1 2x"},"classes":[]},{"id":2204,"url":"https:\/\/leadershipcampus.ch\/fr\/2025\/06\/07\/livre-du-mois-organizational-culture-and-leadership\/","url_meta":{"origin":133,"position":1},"title":"Livre du mois : \u00abOrganizational Culture and Leadership\u00bb","author":"nathanaelschabrun","date":"7 juin 2025","format":false,"excerpt":"Lt-col EMG Julien Grand pr\u00e9sente le livre \u00abOrganizational Culture and Leadership\u00bb de Edgar H. Schein.","rel":"","context":"Dans &quot;Leader's Digest&quot;","block_context":{"text":"Leader's Digest","link":"https:\/\/leadershipcampus.ch\/fr\/category\/newsletter\/leaders-digest\/"},"img":{"alt_text":"","src":"https:\/\/i0.wp.com\/leadershipcampus.ch\/fr\/wp-content\/uploads\/sites\/3\/Organisational-Culture-and-Leadership.jpeg?resize=350%2C200&ssl=1","width":350,"height":200},"classes":[]},{"id":934,"url":"https:\/\/leadershipcampus.ch\/fr\/2024\/07\/04\/livre-du-mois-power-to-the-edge-militarische-fuhrung-im-informationszeitalter-de-david-s-alberts-et-richard-e-hayes\/","url_meta":{"origin":133,"position":2},"title":"Livre du mois : \u00ab Power to the Edge: Milit\u00e4rische F\u00fchrung im Informationszeitalter  \u00bb de David S. Alberts et Richard E. Hayes","author":"administrator@leadershipcampus.ch","date":"4 juillet 2024","format":false,"excerpt":"Le col EMG Niklaus J\u00e4ger pr\u00e9sente l'ouvrage \u00ab Power to the Edge \u00bb des c\u00e9l\u00e8bres experts en conduite David S. Alberts et Richard E. Hayes. Le livre traite de la conduite des op\u00e9rations en r\u00e9seau \u00e0 l'\u00e8re de l'information et souligne l'importance de la num\u00e9risation pour les cadres militaires. Il\u2026","rel":"","context":"Dans &quot;Leader's Digest&quot;","block_context":{"text":"Leader's Digest","link":"https:\/\/leadershipcampus.ch\/fr\/category\/newsletter\/leaders-digest\/"},"img":{"alt_text":"Couverture de Power to the Edge: Milit\u00e4rische F\u00fchrung im Informationszeitalter \u00bb de David S. Alberts et Richard E. Hayes","src":"https:\/\/i0.wp.com\/leadershipcampus.ch\/fr\/wp-content\/uploads\/sites\/3\/Leadership-Campus-Leaders-Digest-7-Livre-du-mois-Power-to-the-Edge.png?resize=350%2C200&ssl=1","width":350,"height":200,"srcset":"https:\/\/i0.wp.com\/leadershipcampus.ch\/fr\/wp-content\/uploads\/sites\/3\/Leadership-Campus-Leaders-Digest-7-Livre-du-mois-Power-to-the-Edge.png?resize=350%2C200&ssl=1 1x, https:\/\/i0.wp.com\/leadershipcampus.ch\/fr\/wp-content\/uploads\/sites\/3\/Leadership-Campus-Leaders-Digest-7-Livre-du-mois-Power-to-the-Edge.png?resize=525%2C300&ssl=1 1.5x, https:\/\/i0.wp.com\/leadershipcampus.ch\/fr\/wp-content\/uploads\/sites\/3\/Leadership-Campus-Leaders-Digest-7-Livre-du-mois-Power-to-the-Edge.png?resize=700%2C400&ssl=1 2x"},"classes":[]},{"id":2524,"url":"https:\/\/leadershipcampus.ch\/fr\/2026\/04\/02\/livre-du-mois-avril-2026\/","url_meta":{"origin":133,"position":3},"title":"Livre du mois: \u00abLeadership is Language\u00bb","author":"nathanaelschabrun","date":"2 avril 2026","format":false,"excerpt":"Capitaine Timothy Rizza pr\u00e9sente l'ouvrage \u00abLeadership is Language : The Hidden Power of What You Say - and What You Don\u2019t\u00bb de L. David Marquet.","rel":"","context":"Dans &quot;Leader's Digest&quot;","block_context":{"text":"Leader's Digest","link":"https:\/\/leadershipcampus.ch\/fr\/category\/newsletter\/leaders-digest\/"},"img":{"alt_text":"","src":"https:\/\/i0.wp.com\/leadershipcampus.ch\/fr\/wp-content\/uploads\/sites\/3\/71BGYsSVu2L._SL1500_3.jpg?resize=350%2C200&ssl=1","width":350,"height":200,"srcset":"https:\/\/i0.wp.com\/leadershipcampus.ch\/fr\/wp-content\/uploads\/sites\/3\/71BGYsSVu2L._SL1500_3.jpg?resize=350%2C200&ssl=1 1x, https:\/\/i0.wp.com\/leadershipcampus.ch\/fr\/wp-content\/uploads\/sites\/3\/71BGYsSVu2L._SL1500_3.jpg?resize=525%2C300&ssl=1 1.5x"},"classes":[]},{"id":2167,"url":"https:\/\/leadershipcampus.ch\/fr\/2025\/05\/01\/livre-du-mois-3-alpha-prinzip\/","url_meta":{"origin":133,"position":4},"title":"Livre du mois : \u00abF\u00fchrung und das 3 Alpha Prinzip\u00bb","author":"nathanaelschabrun","date":"1 mai 2025","format":false,"excerpt":"Cap Jonas Ch. Frey pr\u00e9sente le livre \u00ab F\u00fchrung und das 3 Alpha Prinzip \u00bb de Hans-Christian Witthauer et Thomas Saller.","rel":"","context":"Dans &quot;Leader's Digest&quot;","block_context":{"text":"Leader's Digest","link":"https:\/\/leadershipcampus.ch\/fr\/category\/newsletter\/leaders-digest\/"},"img":{"alt_text":"","src":"https:\/\/i0.wp.com\/leadershipcampus.ch\/fr\/wp-content\/uploads\/sites\/3\/3-Alpha-Prinzip-1.jpg?resize=350%2C200&ssl=1","width":350,"height":200,"srcset":"https:\/\/i0.wp.com\/leadershipcampus.ch\/fr\/wp-content\/uploads\/sites\/3\/3-Alpha-Prinzip-1.jpg?resize=350%2C200&ssl=1 1x, https:\/\/i0.wp.com\/leadershipcampus.ch\/fr\/wp-content\/uploads\/sites\/3\/3-Alpha-Prinzip-1.jpg?resize=525%2C300&ssl=1 1.5x, https:\/\/i0.wp.com\/leadershipcampus.ch\/fr\/wp-content\/uploads\/sites\/3\/3-Alpha-Prinzip-1.jpg?resize=700%2C400&ssl=1 2x"},"classes":[]},{"id":731,"url":"https:\/\/leadershipcampus.ch\/fr\/2024\/06\/06\/livre-du-mois-hammerstein-oder-der-eigensinn-de-hans-magnus-enzensberger\/","url_meta":{"origin":133,"position":5},"title":"Livre du mois : \u00ab Hammerstein oder der Eigensinn \u00bb de Hans Magnus Enzensberger","author":"administrator@leadershipcampus.ch","date":"6 juin 2024","format":false,"excerpt":"Le lt col EMG Patrick Hofstetter pr\u00e9sente la biographie litt\u00e9raire \u00ab Hammerstein oder der Eigensinn \u00bb du po\u00e8te et \u00e9crivain allemand Hans Magnus Enzensberger. Celui met en lumi\u00e8re l'\u00e9minent g\u00e9n\u00e9ral Kurt Freiherr von Hammerstein-Equord, chef de la Reichswehr entre 1930 et 1933, qui est rest\u00e9 un adversaire irr\u00e9ductible du Nazisme.","rel":"","context":"Dans &quot;Leader's Digest&quot;","block_context":{"text":"Leader's Digest","link":"https:\/\/leadershipcampus.ch\/fr\/category\/newsletter\/leaders-digest\/"},"img":{"alt_text":"Couverture de \u00ab Hammerstein oder der Eigensinn \u00bb de Hans Magnus Enzensberger","src":"https:\/\/i0.wp.com\/leadershipcampus.ch\/fr\/wp-content\/uploads\/sites\/3\/Leadership-Campus-Leaders-Digest-6-Livre-du-mois-Hammerstein-oder-der-Eigensinn.png?resize=350%2C200&ssl=1","width":350,"height":200,"srcset":"https:\/\/i0.wp.com\/leadershipcampus.ch\/fr\/wp-content\/uploads\/sites\/3\/Leadership-Campus-Leaders-Digest-6-Livre-du-mois-Hammerstein-oder-der-Eigensinn.png?resize=350%2C200&ssl=1 1x, https:\/\/i0.wp.com\/leadershipcampus.ch\/fr\/wp-content\/uploads\/sites\/3\/Leadership-Campus-Leaders-Digest-6-Livre-du-mois-Hammerstein-oder-der-Eigensinn.png?resize=525%2C300&ssl=1 1.5x, https:\/\/i0.wp.com\/leadershipcampus.ch\/fr\/wp-content\/uploads\/sites\/3\/Leadership-Campus-Leaders-Digest-6-Livre-du-mois-Hammerstein-oder-der-Eigensinn.png?resize=700%2C400&ssl=1 2x"},"classes":[]}],"jetpack_sharing_enabled":true,"_links":{"self":[{"href":"https:\/\/leadershipcampus.ch\/fr\/wp-json\/wp\/v2\/posts\/133","targetHints":{"allow":["GET"]}}],"collection":[{"href":"https:\/\/leadershipcampus.ch\/fr\/wp-json\/wp\/v2\/posts"}],"about":[{"href":"https:\/\/leadershipcampus.ch\/fr\/wp-json\/wp\/v2\/types\/post"}],"author":[{"embeddable":true,"href":"https:\/\/leadershipcampus.ch\/fr\/wp-json\/wp\/v2\/users\/1"}],"replies":[{"embeddable":true,"href":"https:\/\/leadershipcampus.ch\/fr\/wp-json\/wp\/v2\/comments?post=133"}],"version-history":[{"count":2,"href":"https:\/\/leadershipcampus.ch\/fr\/wp-json\/wp\/v2\/posts\/133\/revisions"}],"predecessor-version":[{"id":247,"href":"https:\/\/leadershipcampus.ch\/fr\/wp-json\/wp\/v2\/posts\/133\/revisions\/247"}],"wp:featuredmedia":[{"embeddable":true,"href":"https:\/\/leadershipcampus.ch\/fr\/wp-json\/wp\/v2\/media\/198"}],"wp:attachment":[{"href":"https:\/\/leadershipcampus.ch\/fr\/wp-json\/wp\/v2\/media?parent=133"}],"wp:term":[{"taxonomy":"category","embeddable":true,"href":"https:\/\/leadershipcampus.ch\/fr\/wp-json\/wp\/v2\/categories?post=133"},{"taxonomy":"post_tag","embeddable":true,"href":"https:\/\/leadershipcampus.ch\/fr\/wp-json\/wp\/v2\/tags?post=133"}],"curies":[{"name":"wp","href":"https:\/\/api.w.org\/{rel}","templated":true}]}}