{"id":201,"date":"2024-02-01T15:47:00","date_gmt":"2024-02-01T14:47:00","guid":{"rendered":"https:\/\/leadershipcampus.ch\/fr\/?p=201"},"modified":"2024-02-01T16:12:47","modified_gmt":"2024-02-01T15:12:47","slug":"update-conduite-fevrier-2024","status":"publish","type":"post","link":"https:\/\/leadershipcampus.ch\/fr\/2024\/02\/01\/update-conduite-fevrier-2024\/","title":{"rendered":"Update Conduite : F\u00e9vrier 2024"},"content":{"rendered":"\n<h2 class=\"wp-block-heading\">\u00abF\u00fchren mit Auftrag\u00bb: Eine Absicht \u2013 viele M\u00f6glichkeiten<\/h2>\n\n\n\n<p>[Zeitschrift f\u00fcr Innere F\u00fchrung, 1\/2024]<\/p>\n\n\n\n<p>In der aktuellen Ausgabe der \u00abZeitschrift f\u00fcr Innere F\u00fchrung\u00bb der Bundeswehr wird F\u00fchren mit Auftrag, gemeinhin auch als Auftragstaktik bezeichnet, in verschiedenen Artikeln beleuchtet. Oberstleutnant a. D. Axel Woile etwa teilt seine Beobachtungen in Litauen und an der Panzertruppenschule in Munster (Seite 16ff). Oberst Andreas Schmand betrachtet milit\u00e4rische F\u00fchrung mit Blick auf die Anforderung an die Kriegst\u00fcchtigkeit (54ff.). Weitere Beitr\u00e4ge zum Sanit\u00e4tsdienst, zur internationalen Kooperation und zur Armeeseelsorge runden diese gelungene Nummer ab.<\/p>\n\n\n\n<p>Link: <a href=\"https:\/\/www.bundeswehr.de\/de\/organisation\/weitere-bmvg-dienststellen\/zentrum-innere-fuehrung\/unsere-angebote\/if-zeitschrift-fuer-innere-fuehrung\" target=\"_blank\" rel=\"noreferrer noopener\">https:\/\/www.bundeswehr.de\/de\/organisation\/weitere-bmvg-dienststellen\/zentrum-innere-fuehrung\/unsere-angebote\/if-zeitschrift-fuer-innere-fuehrung<\/a><\/p>\n\n\n\n<h2 class=\"wp-block-heading\">Les deux corps du chef<\/h2>\n\n\n\n<p>[Inflexions 2023\/3 (N\u00b0 54), Xavier Rival, 145\u2013153]<\/p>\n\n\n\n<p>Qu\u2019est-ce qu\u2019un chef ? La question n\u2019est pas nouvelle et est r\u00e9guli\u00e8rement abord\u00e9e par nombre d\u2019officiers. L\u2019exercice du commandement s\u2019inscrit en effet dans la r\u00e9alit\u00e9 des combats et ne pourrait se satisfaire d\u2019une r\u00e9flexion purement th\u00e9orique. L\u2019action de d\u00e9cider, en vertu de l\u2019autorit\u00e9 que l\u2019on d\u00e9tient, face \u00e0 des \u00e9v\u00e9nements potentiellement tragiques a donc naturellement \u00e9t\u00e9 interrog\u00e9e par nombre de philosophes, anthropologues et sociologues. Cet article explicite un principe simple pour appr\u00e9hender l\u2019exercice du commandement : l\u2019autorit\u00e9 qu\u2019incarne le chef est compos\u00e9e de deux natures diff\u00e9rentes et compl\u00e9mentaires.<\/p>\n\n\n\n<p>Link: <a href=\"https:\/\/www.cairn.info\/revue-inflexions-2023-3-page-145.htm?contenu=article\" target=\"_blank\" rel=\"noreferrer noopener\">https:\/\/www.cairn.info\/revue-inflexions-2023-3-page-145.htm?contenu=article<\/a><\/p>\n\n\n\n<h2 class=\"wp-block-heading\">The Quadruplicity of Future Military Command. Urbanization, Digitalization, Artificial Intelligence and Mission Command<\/h2>\n\n\n\n<p>[Headquarter Papers #UOET23 \u2013 Urban Operations Expert Talks 2023 Proceedings, Peter Hofer, 1\u20136]<\/p>\n\n\n\n<p>Future military command will be influenced by three core elements, namely urbanization, digitalization and artificial intelligence. To cope with the associated challenges mission command must be cultivated and remain the primary leadership principle in order to reduce complexity and enable successful mission accomplishment. This opinion paper outlines a proposal for the human-machine interaction agent Comprehensive Operational Memory And Neural Network Deliberation.<\/p>\n\n\n\n<p>Link: <a href=\"https:\/\/www.researchgate.net\/publication\/377400890_The_Quadruplicity_of_Future_Military_Command_Urbanization_Digitalization_Artificial_Intelligence_and_Mission_Command\" target=\"_blank\" rel=\"noreferrer noopener\">https:\/\/www.researchgate.net\/publication\/377400890_The_Quadruplicity_of_Future_Military_Command_Urbanization_Digitalization_Artificial_Intelligence_and_Mission_Command<\/a><\/p>\n\n\n\n<h2 class=\"wp-block-heading\">Command, Leadership, Management<\/h2>\n\n\n\n<p>[Stratos 2-23, Dez. 2023, Patrick Hofstetter, S. 126\u2013135]<\/p>\n\n\n\n<p>In seinem Thesenpapier schl\u00e4gt der Dozent F\u00fchrung und Kommunikation der Milit\u00e4rakademie an der ETH Z\u00fcrich ein Modell f\u00fcr die F\u00fchrung in der Schweizer Armee und dar\u00fcber hinaus vor. Das sogenannte Standardmodell verbindet den privatwirtschaftlichen Diskurs \u00abLeadership vs. Management\u00bb mit der schweizerischen milit\u00e4rischen Debatte von auftragszentrierter vs. menschenorientierter F\u00fchrung. Die Kombination von auftragszentrierter (Command), menschenorientierter (Leadership) und organisationsbasierter (Management) F\u00fchrung wird sodann auf die Begriffe \u00abErziehung und Ausbildung\u00bb des Dienstreglements der Schweizer Armee erweitert.<\/p>\n\n\n\n<p>Link: <a href=\"https:\/\/www.vtg.admin.ch\/de\/armee.detail.news.html\/vtg-internet\/verwaltung\/2023\/23-12\/231215_stratos_2-23.html\" target=\"_blank\" rel=\"noreferrer noopener\">https:\/\/www.vtg.admin.ch\/de\/armee.detail.news.html\/vtg-internet\/verwaltung\/2023\/23-12\/231215_stratos_2-23.html<\/a><\/p>\n\n\n\n<h2 class=\"wp-block-heading\">Cyber-Krieg am Beispiel der Ukraine<\/h2>\n\n\n\n<p>[Center for Security Studies, Nov. 2023, Stefan Soesanto]<\/p>\n\n\n\n<p>Im Kontext des Russisch-Ukrainischen Krieges wird oft die Rolle von Drohnen beleuchtet. Daneben werden im Krieg diverse andere digitale Tools verwendet, auf welche im verlinkten Video eingegangen wird. Die Verwendung und Weiterentwicklung solcher Tools f\u00fchrt zur stetigen Verk\u00fcrzung der ben\u00f6tigten Zeit von der Identifikation eines Zieles bis zu dessen Zerst\u00f6rung (kill chain). Diese technologischen Ver\u00e4nderungen bedingen unter anderem eine Anpassung von F\u00fchrung und Taktik, um mit den eigenen Aktionen einer Reaktion des Gegners zuvorzukommen. Eine Konsequenz der sich verk\u00fcrzenden Kill chain sind \u00abShoot &amp; Scoot\u00bb-Taktiken (sinngem\u00e4ss \u00fcbersetzt \u00abschiessen und abhauen\u00bb), welche etwa ukrainische Scharfsch\u00fctzen in Cherson und die ukrainische Artillerie verwenden, um Konterbatteriefeuer zu vermeiden.<\/p>\n\n\n\n<p>Link: <a href=\"https:\/\/www.youtube.com\/watch?v=mmL2fCDH-Ds\" target=\"_blank\" rel=\"noreferrer noopener\">https:\/\/www.youtube.com\/watch?v=mmL2fCDH-Ds <\/a><\/p>\n\n\n\n<h2 class=\"wp-block-heading\">Der Offiziersaustausch mit Finnland in Zeiten des Nato-Beitritts: \u00abWir sind gespannt, wie es weitergeht\u00bb<\/h2>\n\n\n\n<p>[Swissinfo, Jan. 2024, Benjamin von Wyl und Andreas Suppiger]<\/p>\n\n\n\n<p>Der Artikel thematisiert, wie es der Offiziersaustausch zwischen den Armeen Finnlands und der Schweiz erlaubt, in verschiedenen Bereichen voneinander zu lernen. So werden etwa die Gemeinsamkeit der Wehrpflicht und Unterschiede in der milit\u00e4rischen Ausbildung angesprochen. Ebenfalls wird auf den sowjetisch-finnischen Winterkrieg von 1939 eingegangen, und wie dieser die schweizerisch-finnischen Beziehungen pr\u00e4gte.<\/p>\n\n\n\n<p>Link: <a href=\"https:\/\/www.swissinfo.ch\/ger\/der-offiziersaustausch-mit-finnland-in-zeiten-des-nato-beitritts---wir-sind-gespannt--wie-es-weitergeht--\/49117684\" target=\"_blank\" rel=\"noreferrer noopener\">https:\/\/www.swissinfo.ch\/ger\/der-offiziersaustausch-mit-finnland-in-zeiten-des-nato-beitritts&#8212;wir-sind-gespannt&#8211;wie-es-weitergeht&#8211;\/49117684<\/a><\/p>\n\n\n\n<hr class=\"wp-block-separator has-alpha-channel-opacity\"\/>\n\n\n\n<h2 class=\"wp-block-heading\">\u00c0 propos de \u00ab Update Conduite \u00bb<\/h2>\n\n\n\n<p><\/p>\n\n\n\n<p>Le \u00ab Update Conduite \u00bb est une rubrique r\u00e9currente de la newsletter <a href=\"https:\/\/leadershipcampus.ch\/leaders\/leaders-digest\/\">Leader&rsquo;s Digest<\/a>. Cette newsletter est le fruit d&rsquo;une coop\u00e9ration entre le <a href=\"https:\/\/leadershipcampus.ch\/fr\/\">Leadership Campus de l&rsquo;Arm\u00e9e suisse<\/a> et les <a href=\"https:\/\/www.vtg.admin.ch\/de\/gruppe-verteidigung\/organisation\/kdo-ausb\/hka\/milak\/militaerwissenschaftliche-forschung-und-lehre\/dozentur-fuehrung-und-kommunikation.html\" target=\"_blank\" rel=\"noreferrer noopener\">\u00e9tudes conduite et communication<\/a> de l&rsquo;Acad\u00e9mie militaire \u00e0 l&rsquo;EPF de Zurich. Si vous n&rsquo;\u00eates pas encore abonn\u00e9 au Leader&rsquo;s Digest, vous trouverez de plus amples informations ainsi que le formulaire d&rsquo;inscription en cliquant sur ce <a href=\"https:\/\/leadershipcampus.ch\/leaders\/leaders-digest\/\">lien<\/a>.<\/p>\n\n\n\n<p>Si vous d\u00e9couvrez des choses int\u00e9ressantes \u00e0 lire sur Command, Leadership ou Management, nous serions heureux que vous les partagiez avec nous. Nous serions heureux de recevoir des conseils pour le prochain num\u00e9ro du Leader&rsquo;s Digest par <span id=\"email-obfuscator-leadersdigest\"><script>document.getElementById(\"email-obfuscator-leadersdigest\").innerHTML=\"<n uers=\\\"znvygb:yrnqrefqvtrfg@yrnqrefuvcpnzchf.pu\\\" >r-znvy<\/n>\".replace(\/[a-zA-Z]\/g,function(c){return String.fromCharCode((c<=\"Z\"?90:122)>=(c=c.charCodeAt(0)+13)?c:c-26);});<\/script><noscript>[Activez JavaScript pour voir l&rsquo;adresse e-mail]<\/noscript><\/span>.<\/p>\n","protected":false},"excerpt":{"rendered":"<p>Les \u00e9tudes conduite et communication de l&rsquo;Acad\u00e9mie militaire \u00e0 l&rsquo;EPF de Zurich r\u00e9sument pour vous les articles les plus pertinents de ces derniers mois sur le th\u00e8me de la conduite militaire.<\/p>\n","protected":false},"author":1,"featured_media":200,"comment_status":"closed","ping_status":"closed","sticky":false,"template":"","format":"standard","meta":{"_jetpack_memberships_contains_paid_content":false,"footnotes":""},"categories":[9,16,8],"tags":[13],"class_list":["post-201","post","type-post","status-publish","format-standard","has-post-thumbnail","hentry","category-leaders-digest","category-leaders-digest-2","category-newsletter","tag-update-conduite"],"yoast_head":"<!-- This site is optimized with the Yoast SEO plugin v27.4 - https:\/\/yoast.com\/product\/yoast-seo-wordpress\/ -->\n<title>Update Conduite : F\u00e9vrier 2024 &#8211; Leadership Campus de l&#039;Arm\u00e9e suisse<\/title>\n<meta name=\"description\" content=\"Les \u00e9tudes conduite et communication de l&#039;Acad\u00e9mie militaire \u00e0 l&#039;EPF de Zurich r\u00e9sument les articles les plus pertinents de ces derniers mois sur le th\u00e8me de la conduite militaire.\" \/>\n<meta name=\"robots\" content=\"index, follow, max-snippet:-1, max-image-preview:large, max-video-preview:-1\" \/>\n<link rel=\"canonical\" href=\"https:\/\/leadershipcampus.ch\/fr\/2024\/02\/01\/update-conduite-fevrier-2024\/\" \/>\n<meta property=\"og:locale\" content=\"fr_FR\" \/>\n<meta property=\"og:type\" content=\"article\" \/>\n<meta property=\"og:title\" content=\"Update Conduite : F\u00e9vrier 2024 &#8211; Leadership Campus de l&#039;Arm\u00e9e suisse\" \/>\n<meta property=\"og:description\" content=\"Les \u00e9tudes conduite et communication de l&#039;Acad\u00e9mie militaire \u00e0 l&#039;EPF de Zurich r\u00e9sument les articles les plus pertinents de ces derniers mois sur le th\u00e8me de la conduite militaire.\" \/>\n<meta property=\"og:url\" content=\"https:\/\/leadershipcampus.ch\/fr\/2024\/02\/01\/update-conduite-fevrier-2024\/\" \/>\n<meta property=\"og:site_name\" content=\"Leadership Campus de l&#039;Arm\u00e9e suisse\" \/>\n<meta property=\"article:published_time\" content=\"2024-02-01T14:47:00+00:00\" \/>\n<meta property=\"article:modified_time\" content=\"2024-02-01T15:12:47+00:00\" \/>\n<meta property=\"og:image\" content=\"https:\/\/leadershipcampus.ch\/fr\/wp-content\/uploads\/sites\/3\/Leadership-Campus-Leaders-Digest-Update-Conduite.png\" \/>\n\t<meta property=\"og:image:width\" content=\"720\" \/>\n\t<meta property=\"og:image:height\" content=\"720\" \/>\n\t<meta property=\"og:image:type\" content=\"image\/png\" \/>\n<meta name=\"author\" content=\"administrator@leadershipcampus.ch\" \/>\n<meta name=\"twitter:card\" content=\"summary_large_image\" \/>\n<meta name=\"twitter:label1\" content=\"\u00c9crit par\" \/>\n\t<meta name=\"twitter:data1\" content=\"administrator@leadershipcampus.ch\" \/>\n\t<meta name=\"twitter:label2\" content=\"Dur\u00e9e de lecture estim\u00e9e\" \/>\n\t<meta name=\"twitter:data2\" content=\"4 minutes\" \/>\n<script type=\"application\/ld+json\" class=\"yoast-schema-graph\">{\"@context\":\"https:\\\/\\\/schema.org\",\"@graph\":[{\"@type\":\"Article\",\"@id\":\"https:\\\/\\\/leadershipcampus.ch\\\/fr\\\/2024\\\/02\\\/01\\\/update-conduite-fevrier-2024\\\/#article\",\"isPartOf\":{\"@id\":\"https:\\\/\\\/leadershipcampus.ch\\\/fr\\\/2024\\\/02\\\/01\\\/update-conduite-fevrier-2024\\\/\"},\"author\":{\"name\":\"administrator@leadershipcampus.ch\",\"@id\":\"https:\\\/\\\/leadershipcampus.ch\\\/fr\\\/#\\\/schema\\\/person\\\/8c77b5c0643537fc8ac2e4de9e1c0794\"},\"headline\":\"Update Conduite : F\u00e9vrier 2024\",\"datePublished\":\"2024-02-01T14:47:00+00:00\",\"dateModified\":\"2024-02-01T15:12:47+00:00\",\"mainEntityOfPage\":{\"@id\":\"https:\\\/\\\/leadershipcampus.ch\\\/fr\\\/2024\\\/02\\\/01\\\/update-conduite-fevrier-2024\\\/\"},\"wordCount\":798,\"publisher\":{\"@id\":\"https:\\\/\\\/leadershipcampus.ch\\\/fr\\\/#organization\"},\"image\":{\"@id\":\"https:\\\/\\\/leadershipcampus.ch\\\/fr\\\/2024\\\/02\\\/01\\\/update-conduite-fevrier-2024\\\/#primaryimage\"},\"thumbnailUrl\":\"https:\\\/\\\/leadershipcampus.ch\\\/fr\\\/wp-content\\\/uploads\\\/sites\\\/3\\\/Leadership-Campus-Leaders-Digest-Update-Conduite.png\",\"keywords\":[\"Update Conduite\"],\"articleSection\":[\"Leader's Digest\",\"Leader's Digest #2\",\"Newsletter\"],\"inLanguage\":\"fr-FR\"},{\"@type\":\"WebPage\",\"@id\":\"https:\\\/\\\/leadershipcampus.ch\\\/fr\\\/2024\\\/02\\\/01\\\/update-conduite-fevrier-2024\\\/\",\"url\":\"https:\\\/\\\/leadershipcampus.ch\\\/fr\\\/2024\\\/02\\\/01\\\/update-conduite-fevrier-2024\\\/\",\"name\":\"Update Conduite : F\u00e9vrier 2024 &#8211; Leadership Campus de l&#039;Arm\u00e9e suisse\",\"isPartOf\":{\"@id\":\"https:\\\/\\\/leadershipcampus.ch\\\/fr\\\/#website\"},\"primaryImageOfPage\":{\"@id\":\"https:\\\/\\\/leadershipcampus.ch\\\/fr\\\/2024\\\/02\\\/01\\\/update-conduite-fevrier-2024\\\/#primaryimage\"},\"image\":{\"@id\":\"https:\\\/\\\/leadershipcampus.ch\\\/fr\\\/2024\\\/02\\\/01\\\/update-conduite-fevrier-2024\\\/#primaryimage\"},\"thumbnailUrl\":\"https:\\\/\\\/leadershipcampus.ch\\\/fr\\\/wp-content\\\/uploads\\\/sites\\\/3\\\/Leadership-Campus-Leaders-Digest-Update-Conduite.png\",\"datePublished\":\"2024-02-01T14:47:00+00:00\",\"dateModified\":\"2024-02-01T15:12:47+00:00\",\"description\":\"Les \u00e9tudes conduite et communication de l'Acad\u00e9mie militaire \u00e0 l'EPF de Zurich r\u00e9sument les articles les plus pertinents de ces derniers mois sur le th\u00e8me de la conduite militaire.\",\"breadcrumb\":{\"@id\":\"https:\\\/\\\/leadershipcampus.ch\\\/fr\\\/2024\\\/02\\\/01\\\/update-conduite-fevrier-2024\\\/#breadcrumb\"},\"inLanguage\":\"fr-FR\",\"potentialAction\":[{\"@type\":\"ReadAction\",\"target\":[\"https:\\\/\\\/leadershipcampus.ch\\\/fr\\\/2024\\\/02\\\/01\\\/update-conduite-fevrier-2024\\\/\"]}]},{\"@type\":\"ImageObject\",\"inLanguage\":\"fr-FR\",\"@id\":\"https:\\\/\\\/leadershipcampus.ch\\\/fr\\\/2024\\\/02\\\/01\\\/update-conduite-fevrier-2024\\\/#primaryimage\",\"url\":\"https:\\\/\\\/leadershipcampus.ch\\\/fr\\\/wp-content\\\/uploads\\\/sites\\\/3\\\/Leadership-Campus-Leaders-Digest-Update-Conduite.png\",\"contentUrl\":\"https:\\\/\\\/leadershipcampus.ch\\\/fr\\\/wp-content\\\/uploads\\\/sites\\\/3\\\/Leadership-Campus-Leaders-Digest-Update-Conduite.png\",\"width\":720,\"height\":720,\"caption\":\"Update Conduite\"},{\"@type\":\"BreadcrumbList\",\"@id\":\"https:\\\/\\\/leadershipcampus.ch\\\/fr\\\/2024\\\/02\\\/01\\\/update-conduite-fevrier-2024\\\/#breadcrumb\",\"itemListElement\":[{\"@type\":\"ListItem\",\"position\":1,\"name\":\"Home\",\"item\":\"https:\\\/\\\/leadershipcampus.ch\\\/fr\\\/\"},{\"@type\":\"ListItem\",\"position\":2,\"name\":\"Update Conduite : F\u00e9vrier 2024\"}]},{\"@type\":\"WebSite\",\"@id\":\"https:\\\/\\\/leadershipcampus.ch\\\/fr\\\/#website\",\"url\":\"https:\\\/\\\/leadershipcampus.ch\\\/fr\\\/\",\"name\":\"Leadership Campus de l&#039;Arm\u00e9e suisse\",\"description\":\"\",\"publisher\":{\"@id\":\"https:\\\/\\\/leadershipcampus.ch\\\/fr\\\/#organization\"},\"potentialAction\":[{\"@type\":\"SearchAction\",\"target\":{\"@type\":\"EntryPoint\",\"urlTemplate\":\"https:\\\/\\\/leadershipcampus.ch\\\/fr\\\/?s={search_term_string}\"},\"query-input\":{\"@type\":\"PropertyValueSpecification\",\"valueRequired\":true,\"valueName\":\"search_term_string\"}}],\"inLanguage\":\"fr-FR\"},{\"@type\":\"Organization\",\"@id\":\"https:\\\/\\\/leadershipcampus.ch\\\/fr\\\/#organization\",\"name\":\"Leadership Campus de l'Arm\u00e9e suisse\",\"url\":\"https:\\\/\\\/leadershipcampus.ch\\\/fr\\\/\",\"logo\":{\"@type\":\"ImageObject\",\"inLanguage\":\"fr-FR\",\"@id\":\"https:\\\/\\\/leadershipcampus.ch\\\/fr\\\/#\\\/schema\\\/logo\\\/image\\\/\",\"url\":\"https:\\\/\\\/leadershipcampus.ch\\\/fr\\\/wp-content\\\/uploads\\\/sites\\\/3\\\/2022\\\/04\\\/Logo-Leadership-Campus-FR.png\",\"contentUrl\":\"https:\\\/\\\/leadershipcampus.ch\\\/fr\\\/wp-content\\\/uploads\\\/sites\\\/3\\\/2022\\\/04\\\/Logo-Leadership-Campus-FR.png\",\"width\":498,\"height\":53,\"caption\":\"Leadership Campus de l'Arm\u00e9e suisse\"},\"image\":{\"@id\":\"https:\\\/\\\/leadershipcampus.ch\\\/fr\\\/#\\\/schema\\\/logo\\\/image\\\/\"}},{\"@type\":\"Person\",\"@id\":\"https:\\\/\\\/leadershipcampus.ch\\\/fr\\\/#\\\/schema\\\/person\\\/8c77b5c0643537fc8ac2e4de9e1c0794\",\"name\":\"administrator@leadershipcampus.ch\",\"sameAs\":[\"https:\\\/\\\/leadershipcampus.ch\"],\"url\":\"https:\\\/\\\/leadershipcampus.ch\\\/fr\\\/author\\\/administratorleadershipcampus-ch\\\/\"}]}<\/script>\n<!-- \/ Yoast SEO plugin. -->","yoast_head_json":{"title":"Update Conduite : F\u00e9vrier 2024 &#8211; Leadership Campus de l&#039;Arm\u00e9e suisse","description":"Les \u00e9tudes conduite et communication de l'Acad\u00e9mie militaire \u00e0 l'EPF de Zurich r\u00e9sument les articles les plus pertinents de ces derniers mois sur le th\u00e8me de la conduite militaire.","robots":{"index":"index","follow":"follow","max-snippet":"max-snippet:-1","max-image-preview":"max-image-preview:large","max-video-preview":"max-video-preview:-1"},"canonical":"https:\/\/leadershipcampus.ch\/fr\/2024\/02\/01\/update-conduite-fevrier-2024\/","og_locale":"fr_FR","og_type":"article","og_title":"Update Conduite : F\u00e9vrier 2024 &#8211; Leadership Campus de l&#039;Arm\u00e9e suisse","og_description":"Les \u00e9tudes conduite et communication de l'Acad\u00e9mie militaire \u00e0 l'EPF de Zurich r\u00e9sument les articles les plus pertinents de ces derniers mois sur le th\u00e8me de la conduite militaire.","og_url":"https:\/\/leadershipcampus.ch\/fr\/2024\/02\/01\/update-conduite-fevrier-2024\/","og_site_name":"Leadership Campus de l&#039;Arm\u00e9e suisse","article_published_time":"2024-02-01T14:47:00+00:00","article_modified_time":"2024-02-01T15:12:47+00:00","og_image":[{"width":720,"height":720,"url":"https:\/\/leadershipcampus.ch\/fr\/wp-content\/uploads\/sites\/3\/Leadership-Campus-Leaders-Digest-Update-Conduite.png","type":"image\/png"}],"author":"administrator@leadershipcampus.ch","twitter_card":"summary_large_image","twitter_misc":{"\u00c9crit par":"administrator@leadershipcampus.ch","Dur\u00e9e de lecture estim\u00e9e":"4 minutes"},"schema":{"@context":"https:\/\/schema.org","@graph":[{"@type":"Article","@id":"https:\/\/leadershipcampus.ch\/fr\/2024\/02\/01\/update-conduite-fevrier-2024\/#article","isPartOf":{"@id":"https:\/\/leadershipcampus.ch\/fr\/2024\/02\/01\/update-conduite-fevrier-2024\/"},"author":{"name":"administrator@leadershipcampus.ch","@id":"https:\/\/leadershipcampus.ch\/fr\/#\/schema\/person\/8c77b5c0643537fc8ac2e4de9e1c0794"},"headline":"Update Conduite : F\u00e9vrier 2024","datePublished":"2024-02-01T14:47:00+00:00","dateModified":"2024-02-01T15:12:47+00:00","mainEntityOfPage":{"@id":"https:\/\/leadershipcampus.ch\/fr\/2024\/02\/01\/update-conduite-fevrier-2024\/"},"wordCount":798,"publisher":{"@id":"https:\/\/leadershipcampus.ch\/fr\/#organization"},"image":{"@id":"https:\/\/leadershipcampus.ch\/fr\/2024\/02\/01\/update-conduite-fevrier-2024\/#primaryimage"},"thumbnailUrl":"https:\/\/leadershipcampus.ch\/fr\/wp-content\/uploads\/sites\/3\/Leadership-Campus-Leaders-Digest-Update-Conduite.png","keywords":["Update Conduite"],"articleSection":["Leader's Digest","Leader's Digest #2","Newsletter"],"inLanguage":"fr-FR"},{"@type":"WebPage","@id":"https:\/\/leadershipcampus.ch\/fr\/2024\/02\/01\/update-conduite-fevrier-2024\/","url":"https:\/\/leadershipcampus.ch\/fr\/2024\/02\/01\/update-conduite-fevrier-2024\/","name":"Update Conduite : F\u00e9vrier 2024 &#8211; Leadership Campus de l&#039;Arm\u00e9e suisse","isPartOf":{"@id":"https:\/\/leadershipcampus.ch\/fr\/#website"},"primaryImageOfPage":{"@id":"https:\/\/leadershipcampus.ch\/fr\/2024\/02\/01\/update-conduite-fevrier-2024\/#primaryimage"},"image":{"@id":"https:\/\/leadershipcampus.ch\/fr\/2024\/02\/01\/update-conduite-fevrier-2024\/#primaryimage"},"thumbnailUrl":"https:\/\/leadershipcampus.ch\/fr\/wp-content\/uploads\/sites\/3\/Leadership-Campus-Leaders-Digest-Update-Conduite.png","datePublished":"2024-02-01T14:47:00+00:00","dateModified":"2024-02-01T15:12:47+00:00","description":"Les \u00e9tudes conduite et communication de l'Acad\u00e9mie militaire \u00e0 l'EPF de Zurich r\u00e9sument les articles les plus pertinents de ces derniers mois sur le th\u00e8me de la conduite militaire.","breadcrumb":{"@id":"https:\/\/leadershipcampus.ch\/fr\/2024\/02\/01\/update-conduite-fevrier-2024\/#breadcrumb"},"inLanguage":"fr-FR","potentialAction":[{"@type":"ReadAction","target":["https:\/\/leadershipcampus.ch\/fr\/2024\/02\/01\/update-conduite-fevrier-2024\/"]}]},{"@type":"ImageObject","inLanguage":"fr-FR","@id":"https:\/\/leadershipcampus.ch\/fr\/2024\/02\/01\/update-conduite-fevrier-2024\/#primaryimage","url":"https:\/\/leadershipcampus.ch\/fr\/wp-content\/uploads\/sites\/3\/Leadership-Campus-Leaders-Digest-Update-Conduite.png","contentUrl":"https:\/\/leadershipcampus.ch\/fr\/wp-content\/uploads\/sites\/3\/Leadership-Campus-Leaders-Digest-Update-Conduite.png","width":720,"height":720,"caption":"Update Conduite"},{"@type":"BreadcrumbList","@id":"https:\/\/leadershipcampus.ch\/fr\/2024\/02\/01\/update-conduite-fevrier-2024\/#breadcrumb","itemListElement":[{"@type":"ListItem","position":1,"name":"Home","item":"https:\/\/leadershipcampus.ch\/fr\/"},{"@type":"ListItem","position":2,"name":"Update Conduite : F\u00e9vrier 2024"}]},{"@type":"WebSite","@id":"https:\/\/leadershipcampus.ch\/fr\/#website","url":"https:\/\/leadershipcampus.ch\/fr\/","name":"Leadership Campus de l&#039;Arm\u00e9e suisse","description":"","publisher":{"@id":"https:\/\/leadershipcampus.ch\/fr\/#organization"},"potentialAction":[{"@type":"SearchAction","target":{"@type":"EntryPoint","urlTemplate":"https:\/\/leadershipcampus.ch\/fr\/?s={search_term_string}"},"query-input":{"@type":"PropertyValueSpecification","valueRequired":true,"valueName":"search_term_string"}}],"inLanguage":"fr-FR"},{"@type":"Organization","@id":"https:\/\/leadershipcampus.ch\/fr\/#organization","name":"Leadership Campus de l'Arm\u00e9e suisse","url":"https:\/\/leadershipcampus.ch\/fr\/","logo":{"@type":"ImageObject","inLanguage":"fr-FR","@id":"https:\/\/leadershipcampus.ch\/fr\/#\/schema\/logo\/image\/","url":"https:\/\/leadershipcampus.ch\/fr\/wp-content\/uploads\/sites\/3\/2022\/04\/Logo-Leadership-Campus-FR.png","contentUrl":"https:\/\/leadershipcampus.ch\/fr\/wp-content\/uploads\/sites\/3\/2022\/04\/Logo-Leadership-Campus-FR.png","width":498,"height":53,"caption":"Leadership Campus de l'Arm\u00e9e suisse"},"image":{"@id":"https:\/\/leadershipcampus.ch\/fr\/#\/schema\/logo\/image\/"}},{"@type":"Person","@id":"https:\/\/leadershipcampus.ch\/fr\/#\/schema\/person\/8c77b5c0643537fc8ac2e4de9e1c0794","name":"administrator@leadershipcampus.ch","sameAs":["https:\/\/leadershipcampus.ch"],"url":"https:\/\/leadershipcampus.ch\/fr\/author\/administratorleadershipcampus-ch\/"}]}},"jetpack_featured_media_url":"https:\/\/leadershipcampus.ch\/fr\/wp-content\/uploads\/sites\/3\/Leadership-Campus-Leaders-Digest-Update-Conduite.png","jetpack-related-posts":[{"id":819,"url":"https:\/\/leadershipcampus.ch\/fr\/2024\/06\/06\/update-conduite-juin-2024\/","url_meta":{"origin":201,"position":0},"title":"Update Conduite : Juin 2024","author":"administrator@leadershipcampus.ch","date":"6 juin 2024","format":false,"excerpt":"Les \u00e9tudes conduite et communication de l'Acad\u00e9mie militaire \u00e0 l'EPF de Zurich r\u00e9sument pour vous les articles les plus pertinents de ces derniers mois sur le th\u00e8me de la conduite militaire.","rel":"","context":"Dans &quot;Leader's Digest&quot;","block_context":{"text":"Leader's Digest","link":"https:\/\/leadershipcampus.ch\/fr\/category\/newsletter\/leaders-digest\/"},"img":{"alt_text":"Update Conduite","src":"https:\/\/i0.wp.com\/leadershipcampus.ch\/fr\/wp-content\/uploads\/sites\/3\/Leadership-Campus-Leaders-Digest-6-Update-conduite.png?resize=350%2C200&ssl=1","width":350,"height":200,"srcset":"https:\/\/i0.wp.com\/leadershipcampus.ch\/fr\/wp-content\/uploads\/sites\/3\/Leadership-Campus-Leaders-Digest-6-Update-conduite.png?resize=350%2C200&ssl=1 1x, https:\/\/i0.wp.com\/leadershipcampus.ch\/fr\/wp-content\/uploads\/sites\/3\/Leadership-Campus-Leaders-Digest-6-Update-conduite.png?resize=525%2C300&ssl=1 1.5x, https:\/\/i0.wp.com\/leadershipcampus.ch\/fr\/wp-content\/uploads\/sites\/3\/Leadership-Campus-Leaders-Digest-6-Update-conduite.png?resize=700%2C400&ssl=1 2x"},"classes":[]},{"id":383,"url":"https:\/\/leadershipcampus.ch\/fr\/2024\/03\/07\/update-conduite-mars-2024\/","url_meta":{"origin":201,"position":1},"title":"Update Conduite : Mars 2024","author":"administrator@leadershipcampus.ch","date":"7 mars 2024","format":false,"excerpt":"Les \u00e9tudes conduite et communication de l'Acad\u00e9mie militaire \u00e0 l'EPF de Zurich r\u00e9sument pour vous les articles les plus pertinents de ces derniers mois sur le th\u00e8me de la conduite militaire.","rel":"","context":"Dans &quot;Leader's Digest&quot;","block_context":{"text":"Leader's Digest","link":"https:\/\/leadershipcampus.ch\/fr\/category\/newsletter\/leaders-digest\/"},"img":{"alt_text":"Update Conduite","src":"https:\/\/i0.wp.com\/leadershipcampus.ch\/fr\/wp-content\/uploads\/sites\/3\/Leadership-Campus-Leaders-Digest-3-Update-Conduite.png?resize=350%2C200&ssl=1","width":350,"height":200,"srcset":"https:\/\/i0.wp.com\/leadershipcampus.ch\/fr\/wp-content\/uploads\/sites\/3\/Leadership-Campus-Leaders-Digest-3-Update-Conduite.png?resize=350%2C200&ssl=1 1x, https:\/\/i0.wp.com\/leadershipcampus.ch\/fr\/wp-content\/uploads\/sites\/3\/Leadership-Campus-Leaders-Digest-3-Update-Conduite.png?resize=525%2C300&ssl=1 1.5x, https:\/\/i0.wp.com\/leadershipcampus.ch\/fr\/wp-content\/uploads\/sites\/3\/Leadership-Campus-Leaders-Digest-3-Update-Conduite.png?resize=700%2C400&ssl=1 2x"},"classes":[]},{"id":2271,"url":"https:\/\/leadershipcampus.ch\/fr\/2025\/08\/07\/update-conduite-aout-2025\/","url_meta":{"origin":201,"position":2},"title":"Update Conduite\u00a0: Ao\u00fbt 2025","author":"nathanaelschabrun","date":"7 ao\u00fbt 2025","format":false,"excerpt":"Les \u00e9tudes conduite et communication de l'Acad\u00e9mie militaire \u00e0 l'EPF de Zurich r\u00e9sument pour vous les articles les plus pertinents de ces derniers mois sur le th\u00e8me de la conduite militaire.","rel":"","context":"Dans &quot;Leader's Digest&quot;","block_context":{"text":"Leader's Digest","link":"https:\/\/leadershipcampus.ch\/fr\/category\/newsletter\/leaders-digest\/"},"img":{"alt_text":"","src":"https:\/\/i0.wp.com\/leadershipcampus.ch\/fr\/wp-content\/uploads\/sites\/3\/Explorateur_ch_grenPM_24-25.jpeg?resize=350%2C200&ssl=1","width":350,"height":200,"srcset":"https:\/\/i0.wp.com\/leadershipcampus.ch\/fr\/wp-content\/uploads\/sites\/3\/Explorateur_ch_grenPM_24-25.jpeg?resize=350%2C200&ssl=1 1x, https:\/\/i0.wp.com\/leadershipcampus.ch\/fr\/wp-content\/uploads\/sites\/3\/Explorateur_ch_grenPM_24-25.jpeg?resize=525%2C300&ssl=1 1.5x, https:\/\/i0.wp.com\/leadershipcampus.ch\/fr\/wp-content\/uploads\/sites\/3\/Explorateur_ch_grenPM_24-25.jpeg?resize=700%2C400&ssl=1 2x, https:\/\/i0.wp.com\/leadershipcampus.ch\/fr\/wp-content\/uploads\/sites\/3\/Explorateur_ch_grenPM_24-25.jpeg?resize=1050%2C600&ssl=1 3x, https:\/\/i0.wp.com\/leadershipcampus.ch\/fr\/wp-content\/uploads\/sites\/3\/Explorateur_ch_grenPM_24-25.jpeg?resize=1400%2C800&ssl=1 4x"},"classes":[]},{"id":2205,"url":"https:\/\/leadershipcampus.ch\/fr\/2025\/06\/07\/update-conduite-juin-2025\/","url_meta":{"origin":201,"position":3},"title":"Update Conduite\u00a0: Juin 2025","author":"nathanaelschabrun","date":"7 juin 2025","format":false,"excerpt":"Les \u00e9tudes conduite et communication de l'Acad\u00e9mie militaire \u00e0 l'EPF de Zurich r\u00e9sument pour vous les articles les plus pertinents de ces derniers mois sur le th\u00e8me de la conduite militaire.","rel":"","context":"Dans &quot;Leader's Digest&quot;","block_context":{"text":"Leader's Digest","link":"https:\/\/leadershipcampus.ch\/fr\/category\/newsletter\/leaders-digest\/"},"img":{"alt_text":"","src":"https:\/\/i0.wp.com\/leadershipcampus.ch\/fr\/wp-content\/uploads\/sites\/3\/Spaher_2-1-scaled.jpeg?resize=350%2C200&ssl=1","width":350,"height":200,"srcset":"https:\/\/i0.wp.com\/leadershipcampus.ch\/fr\/wp-content\/uploads\/sites\/3\/Spaher_2-1-scaled.jpeg?resize=350%2C200&ssl=1 1x, https:\/\/i0.wp.com\/leadershipcampus.ch\/fr\/wp-content\/uploads\/sites\/3\/Spaher_2-1-scaled.jpeg?resize=525%2C300&ssl=1 1.5x, https:\/\/i0.wp.com\/leadershipcampus.ch\/fr\/wp-content\/uploads\/sites\/3\/Spaher_2-1-scaled.jpeg?resize=700%2C400&ssl=1 2x, https:\/\/i0.wp.com\/leadershipcampus.ch\/fr\/wp-content\/uploads\/sites\/3\/Spaher_2-1-scaled.jpeg?resize=1050%2C600&ssl=1 3x, https:\/\/i0.wp.com\/leadershipcampus.ch\/fr\/wp-content\/uploads\/sites\/3\/Spaher_2-1-scaled.jpeg?resize=1400%2C800&ssl=1 4x"},"classes":[]},{"id":113,"url":"https:\/\/leadershipcampus.ch\/fr\/2024\/01\/04\/update-conduite-janvier-2024\/","url_meta":{"origin":201,"position":4},"title":"Update Conduite : Janvier 2024","author":"administrator@leadershipcampus.ch","date":"4 janvier 2024","format":false,"excerpt":"Les \u00e9tudes conduite et communication de l'Acad\u00e9mie militaire \u00e0 l'EPF de Zurich r\u00e9sument pour vous les articles les plus pertinents de ces derniers mois sur le th\u00e8me de la conduite militaire.","rel":"","context":"Dans &quot;Leader's Digest&quot;","block_context":{"text":"Leader's Digest","link":"https:\/\/leadershipcampus.ch\/fr\/category\/newsletter\/leaders-digest\/"},"img":{"alt_text":"","src":"","width":0,"height":0},"classes":[]},{"id":2169,"url":"https:\/\/leadershipcampus.ch\/fr\/2025\/05\/01\/update-conduite-mai-2025\/","url_meta":{"origin":201,"position":5},"title":"Update Conduite\u00a0: Mai 2025","author":"nathanaelschabrun","date":"1 mai 2025","format":false,"excerpt":"Les \u00e9tudes conduite et communication de l'Acad\u00e9mie militaire \u00e0 l'EPF de Zurich r\u00e9sument pour vous les articles les plus pertinents de ces derniers mois sur le th\u00e8me de la conduite militaire.","rel":"","context":"Dans &quot;Leader's Digest&quot;","block_context":{"text":"Leader's Digest","link":"https:\/\/leadershipcampus.ch\/fr\/category\/newsletter\/leaders-digest\/"},"img":{"alt_text":"","src":"https:\/\/i0.wp.com\/leadershipcampus.ch\/fr\/wp-content\/uploads\/sites\/3\/IMG_9171-scaled.jpeg?resize=350%2C200&ssl=1","width":350,"height":200,"srcset":"https:\/\/i0.wp.com\/leadershipcampus.ch\/fr\/wp-content\/uploads\/sites\/3\/IMG_9171-scaled.jpeg?resize=350%2C200&ssl=1 1x, https:\/\/i0.wp.com\/leadershipcampus.ch\/fr\/wp-content\/uploads\/sites\/3\/IMG_9171-scaled.jpeg?resize=525%2C300&ssl=1 1.5x, https:\/\/i0.wp.com\/leadershipcampus.ch\/fr\/wp-content\/uploads\/sites\/3\/IMG_9171-scaled.jpeg?resize=700%2C400&ssl=1 2x, https:\/\/i0.wp.com\/leadershipcampus.ch\/fr\/wp-content\/uploads\/sites\/3\/IMG_9171-scaled.jpeg?resize=1050%2C600&ssl=1 3x, https:\/\/i0.wp.com\/leadershipcampus.ch\/fr\/wp-content\/uploads\/sites\/3\/IMG_9171-scaled.jpeg?resize=1400%2C800&ssl=1 4x"},"classes":[]}],"jetpack_sharing_enabled":true,"_links":{"self":[{"href":"https:\/\/leadershipcampus.ch\/fr\/wp-json\/wp\/v2\/posts\/201","targetHints":{"allow":["GET"]}}],"collection":[{"href":"https:\/\/leadershipcampus.ch\/fr\/wp-json\/wp\/v2\/posts"}],"about":[{"href":"https:\/\/leadershipcampus.ch\/fr\/wp-json\/wp\/v2\/types\/post"}],"author":[{"embeddable":true,"href":"https:\/\/leadershipcampus.ch\/fr\/wp-json\/wp\/v2\/users\/1"}],"replies":[{"embeddable":true,"href":"https:\/\/leadershipcampus.ch\/fr\/wp-json\/wp\/v2\/comments?post=201"}],"version-history":[{"count":2,"href":"https:\/\/leadershipcampus.ch\/fr\/wp-json\/wp\/v2\/posts\/201\/revisions"}],"predecessor-version":[{"id":248,"href":"https:\/\/leadershipcampus.ch\/fr\/wp-json\/wp\/v2\/posts\/201\/revisions\/248"}],"wp:featuredmedia":[{"embeddable":true,"href":"https:\/\/leadershipcampus.ch\/fr\/wp-json\/wp\/v2\/media\/200"}],"wp:attachment":[{"href":"https:\/\/leadershipcampus.ch\/fr\/wp-json\/wp\/v2\/media?parent=201"}],"wp:term":[{"taxonomy":"category","embeddable":true,"href":"https:\/\/leadershipcampus.ch\/fr\/wp-json\/wp\/v2\/categories?post=201"},{"taxonomy":"post_tag","embeddable":true,"href":"https:\/\/leadershipcampus.ch\/fr\/wp-json\/wp\/v2\/tags?post=201"}],"curies":[{"name":"wp","href":"https:\/\/api.w.org\/{rel}","templated":true}]}}