{"id":2382,"date":"2025-11-06T15:46:00","date_gmt":"2025-11-06T14:46:00","guid":{"rendered":"https:\/\/leadershipcampus.ch\/fr\/?p=2382"},"modified":"2025-11-03T08:24:54","modified_gmt":"2025-11-03T07:24:54","slug":"livre-du-mois-quest-ce-quun-chef","status":"publish","type":"post","link":"https:\/\/leadershipcampus.ch\/fr\/2025\/11\/06\/livre-du-mois-quest-ce-quun-chef\/","title":{"rendered":"Livre du mois: \u00abQu\u2019est-ce qu\u2019un chef?\u00bb"},"content":{"rendered":"\n<h2 class=\"wp-block-heading has-larger-font-size\">Quel est le message cl\u00e9 du livre&nbsp;?<\/h2>\n\n\n\n<p>Un chef est d&rsquo;abord un visionnaire capable de fixer un cap et de donner un sens \u00e0 l&rsquo;action. Sa vision doit s&rsquo;inscrire dans un temps long qui exige de la r\u00e9flexion, mais aussi des temps de pause. Dans le monde de l&rsquo;imm\u00e9diatet\u00e9 technologique dans lequel nous vivons, un chef doit \u00eatre capable de prendre de la hauteur. Pour susciter la confiance de ses subordonn\u00e9s, il doit rester naturel, sinc\u00e8re, exemplaire et humain, tout en pr\u00e9servant son propre \u00e9quilibre personnel. Sa cr\u00e9dibilit\u00e9 et sa l\u00e9gitimit\u00e9 reposent sur ses comp\u00e9tences, ses connaissances et son savoir-\u00eatre, mais aussi sur son humilit\u00e9.<\/p>\n\n\n\n<h2 class=\"wp-block-heading has-larger-font-size\">Qu&rsquo;est-ce qui vous pla\u00eet le plus dans ce livre&nbsp;?<\/h2>\n\n\n\n<p>La qualit\u00e9 de sa conception, de sa r\u00e9daction et de son contenu.<\/p>\n\n\n\n<h2 class=\"wp-block-heading has-larger-font-size\">Y a-t-il des points sur lesquels vous ne soutenez pas l&rsquo;argumentation du livre ou des domaines qui, selon vous, ne sont pas assez d\u00e9velopp\u00e9s&nbsp;?<\/h2>\n\n\n\n<p>Non, bien au contraire, il est tr\u00e8s agr\u00e9able de constater qu\u2019il existe dans ce livre de nombreuses similarit\u00e9s avec ce que nous apprenons dans nos \u00e9coles de cadres.<\/p>\n\n\n\n<h2 class=\"wp-block-heading has-larger-font-size\">\u00c0 qui s&rsquo;adresse votre recommandation&nbsp;?<\/h2>\n\n\n\n<p>Bien que cet ouvrage ait \u00e9t\u00e9 \u00e9crit par un officier g\u00e9n\u00e9ral, il s\u2019adresse \u00e0 toute personne exer\u00e7ant des responsabilit\u00e9s en tant que cadre, que ce soit dans le domaine militaire, dans la politique, dans l\u2019administration, dans les associations ou dans l\u2019\u00e9conomie.<\/p>\n\n\n\n<h2 class=\"wp-block-heading has-larger-font-size\">En quoi ce livre vous a-t-il aid\u00e9 dans votre quotidien de chef militaire&nbsp;?<\/h2>\n\n\n\n<p>Le temps est une ressource aussi pr\u00e9cieuse que notre sant\u00e9. Que ce soit dans l\u2019exercice de ma profession, de ma fonction militaire ou dans mes autres engagements, je planifie du temps pour la r\u00e9flexion, ce qui permet de r\u00e9duire le temps consacr\u00e9 \u00e0 la r\u00e9action.<\/p>\n\n\n\n<h2 class=\"wp-block-heading has-larger-font-size\">\u00c0 quel aspect du mod\u00e8le Command-Leadership-Management attribuez-vous votre livre&nbsp;?<\/h2>\n\n\n\n<p>Si la dimension <em>Leadership<\/em> est pr\u00e9pond\u00e9rante, ce livre comporte \u00e9galement des enseignements que l\u2019on peut attribuer aux aspects <em>Command<\/em> et <em>Management<\/em>.<\/p>\n\n\n\n<h2 class=\"wp-block-heading has-larger-font-size\">O\u00f9 voyez-vous les plus grands d\u00e9fis \u00e0 venir pour la conduite dans l&rsquo;arm\u00e9e suisse&nbsp;?<\/h2>\n\n\n\n<p>Le plus grand d\u00e9fi auquel notre arm\u00e9e doit faire face, c\u2019est celui de la confiance. La confiance des militaires dans leurs chefs, mais aussi la confiance de la population et de l\u2019\u00e9conomie dans son arm\u00e9e. Ceci implique que les autorit\u00e9s politiques dotent notre arm\u00e9e des effectifs et des moyens dont elle a besoin pour remplir ses missions constitutionnelles.<\/p>\n\n\n\n<h2 class=\"wp-block-heading has-larger-font-size\">Et o\u00f9 voyez-vous les plus grandes chances \u00e0 cet \u00e9gard&nbsp;?<\/h2>\n\n\n\n<p>Le potentiel de notre arm\u00e9e de milice est immense et insoup\u00e7onn\u00e9. Non seulement elle s\u2019enrichit des comp\u00e9tences civiles de chaque militaire, mais elle leur offre en contrepartie une plus-value pour la vie civile gr\u00e2ce aux formations qu\u2019elle dispense, que ce soit en mati\u00e8re de conduite ou dans le domaine technique. Cet enrichissement mutuel permet d\u2019am\u00e9liorer la compr\u00e9hension par la population cet par l\u2019\u00e9conomie de ce que nous faisons en tant que militaires, et ainsi, la confiance de ces derni\u00e8res dans notre arm\u00e9e de milice.<\/p>\n\n\n\n<hr class=\"wp-block-separator has-alpha-channel-opacity\" \/>\n\n\n\n<h2 class=\"wp-block-heading\">\u00c0 propos de l&rsquo;auteur de la recension<\/h2>\n\n\n\n<p>Le lt col EMG Murat Alder est un officier de milice. Avocat ind\u00e9pendant au Barreau de Gen\u00e8ve depuis 2010, il est \u00e9galement d\u00e9put\u00e9 (PLR) au Grand Conseil de la R\u00e9publique et canton de Gen\u00e8ve. Il appartient \u00e0 la derni\u00e8re g\u00e9n\u00e9ration de chasseurs de chars d\u2019infanterie. Apr\u00e8s avoir command\u00e9 la compagnie d\u2019appui de carabiniers 14\/4, il est devenu officier d\u2019\u00e9tat-major g\u00e9n\u00e9ral \u00e0 l\u2019\u00e9tat-major de la brigade d\u2019infanterie 2, puis \u00e0 l\u2019\u00e9tat-major de la division territoriale 1. Il commande actuellement le bataillon de carabiniers 14, dont la devise est \u00ab\u00a0FORCE ET VOLONT\u00c9\u00a0\u00bb.<\/p>\n\n\n\n<h2 class=\"wp-block-heading\">\u00c0 propos du \u00ab&nbsp;Livre du mois&nbsp;\u00bb<\/h2>\n\n\n\n<p>Le \u00ab&nbsp;livre du mois&nbsp;\u00bb est une rubrique r\u00e9currente de la newsletter <a href=\"https:\/\/leadershipcampus.ch\/leaders\/leaders-digest\/\">Leader&rsquo;s Digest<\/a>. Cette newsletter est le fruit d&rsquo;une coop\u00e9ration entre le <a href=\"https:\/\/leadershipcampus.ch\/fr\/\">Leadership Campus de l&rsquo;Arm\u00e9e suisse<\/a> et les <a href=\"https:\/\/www.vtg.admin.ch\/fr\/groupement-de-la-Defense\/organisation\/kdo-ausb\/fsca\/milak\/militaerwissenschaftliche-forschung-und-lehre\/dozentur-fuehrung-und-kommunikation.html\" target=\"_blank\" rel=\"noreferrer noopener\">\u00e9tudes conduite et communication<\/a> de l&rsquo;Acad\u00e9mie militaire \u00e0 l&rsquo;EPF de Zurich. Si vous n&rsquo;\u00eates pas encore abonn\u00e9 au Leader&rsquo;s Digest, vous trouverez de plus amples informations ainsi que le formulaire d&rsquo;inscription en cliquant sur ce <a href=\"https:\/\/leadershipcampus.ch\/leaders\/leaders-digest\/\">lien<\/a>.<\/p>\n\n\n\n<p><\/p>\n","protected":false},"excerpt":{"rendered":"<p>Le lt col EMG Murat Alder pr\u00e9sente le livre \u00abQu\u2019est-ce qu\u2019un chef ?\u00bb de G\u00e9n\u00e9ral d&rsquo;arm\u00e9e Pierre de Villiers, ancien chef d\u2019\u00e9tat-major des arm\u00e9es de la France.<\/p>\n","protected":false},"author":13,"featured_media":2383,"comment_status":"closed","ping_status":"closed","sticky":false,"template":"","format":"standard","meta":{"_jetpack_memberships_contains_paid_content":false,"footnotes":""},"categories":[9,65,8],"tags":[10],"class_list":["post-2382","post","type-post","status-publish","format-standard","has-post-thumbnail","hentry","category-leaders-digest","category-leaders-digest-22","category-newsletter","tag-livre-du-mois"],"yoast_head":"<!-- This site is optimized with the Yoast SEO plugin v27.4 - https:\/\/yoast.com\/product\/yoast-seo-wordpress\/ -->\n<title>Livre du mois: \u00abQu\u2019est-ce qu\u2019un chef?\u00bb &#8211; Leadership Campus de l&#039;Arm\u00e9e suisse<\/title>\n<meta name=\"description\" content=\"Le lt col EMG Murat Alder pr\u00e9sente le livre \u00abQu\u2019est-ce qu\u2019un chef ?\u00bb de l\u2019ancien g\u00e9n\u00e9ral fran\u00e7ais Pierre de Villiers.\" \/>\n<meta name=\"robots\" content=\"index, follow, max-snippet:-1, max-image-preview:large, max-video-preview:-1\" \/>\n<link rel=\"canonical\" href=\"https:\/\/leadershipcampus.ch\/fr\/2025\/11\/06\/livre-du-mois-quest-ce-quun-chef\/\" \/>\n<meta property=\"og:locale\" content=\"fr_FR\" \/>\n<meta property=\"og:type\" content=\"article\" \/>\n<meta property=\"og:title\" content=\"Livre du mois: \u00abQu\u2019est-ce qu\u2019un chef?\u00bb &#8211; Leadership Campus de l&#039;Arm\u00e9e suisse\" \/>\n<meta property=\"og:description\" content=\"Le lt col EMG Murat Alder pr\u00e9sente le livre \u00abQu\u2019est-ce qu\u2019un chef ?\u00bb de l\u2019ancien g\u00e9n\u00e9ral fran\u00e7ais Pierre de Villiers.\" \/>\n<meta property=\"og:url\" content=\"https:\/\/leadershipcampus.ch\/fr\/2025\/11\/06\/livre-du-mois-quest-ce-quun-chef\/\" \/>\n<meta property=\"og:site_name\" content=\"Leadership Campus de l&#039;Arm\u00e9e suisse\" \/>\n<meta property=\"article:published_time\" content=\"2025-11-06T14:46:00+00:00\" \/>\n<meta property=\"og:image\" content=\"https:\/\/leadershipcampus.ch\/fr\/wp-content\/uploads\/sites\/3\/9782818506073-001-X.webp\" \/>\n\t<meta property=\"og:image:width\" content=\"773\" \/>\n\t<meta property=\"og:image:height\" content=\"1280\" \/>\n\t<meta property=\"og:image:type\" content=\"image\/webp\" \/>\n<meta name=\"author\" content=\"nathanaelschabrun\" \/>\n<meta name=\"twitter:card\" content=\"summary_large_image\" \/>\n<meta name=\"twitter:label1\" content=\"\u00c9crit par\" \/>\n\t<meta name=\"twitter:data1\" content=\"nathanaelschabrun\" \/>\n\t<meta name=\"twitter:label2\" content=\"Dur\u00e9e de lecture estim\u00e9e\" \/>\n\t<meta name=\"twitter:data2\" content=\"4 minutes\" \/>\n<script type=\"application\/ld+json\" class=\"yoast-schema-graph\">{\"@context\":\"https:\\\/\\\/schema.org\",\"@graph\":[{\"@type\":\"Article\",\"@id\":\"https:\\\/\\\/leadershipcampus.ch\\\/fr\\\/2025\\\/11\\\/06\\\/livre-du-mois-quest-ce-quun-chef\\\/#article\",\"isPartOf\":{\"@id\":\"https:\\\/\\\/leadershipcampus.ch\\\/fr\\\/2025\\\/11\\\/06\\\/livre-du-mois-quest-ce-quun-chef\\\/\"},\"author\":{\"name\":\"nathanaelschabrun\",\"@id\":\"https:\\\/\\\/leadershipcampus.ch\\\/fr\\\/#\\\/schema\\\/person\\\/369f7396a29b4a1ea65f7973e6748b18\"},\"headline\":\"Livre du mois: \u00abQu\u2019est-ce qu\u2019un chef?\u00bb\",\"datePublished\":\"2025-11-06T14:46:00+00:00\",\"mainEntityOfPage\":{\"@id\":\"https:\\\/\\\/leadershipcampus.ch\\\/fr\\\/2025\\\/11\\\/06\\\/livre-du-mois-quest-ce-quun-chef\\\/\"},\"wordCount\":741,\"publisher\":{\"@id\":\"https:\\\/\\\/leadershipcampus.ch\\\/fr\\\/#organization\"},\"image\":{\"@id\":\"https:\\\/\\\/leadershipcampus.ch\\\/fr\\\/2025\\\/11\\\/06\\\/livre-du-mois-quest-ce-quun-chef\\\/#primaryimage\"},\"thumbnailUrl\":\"https:\\\/\\\/leadershipcampus.ch\\\/fr\\\/wp-content\\\/uploads\\\/sites\\\/3\\\/9782818506073-001-X.webp\",\"keywords\":[\"livre du mois\"],\"articleSection\":[\"Leader's Digest\",\"Leader's Digest #22\",\"Newsletter\"],\"inLanguage\":\"fr-FR\"},{\"@type\":\"WebPage\",\"@id\":\"https:\\\/\\\/leadershipcampus.ch\\\/fr\\\/2025\\\/11\\\/06\\\/livre-du-mois-quest-ce-quun-chef\\\/\",\"url\":\"https:\\\/\\\/leadershipcampus.ch\\\/fr\\\/2025\\\/11\\\/06\\\/livre-du-mois-quest-ce-quun-chef\\\/\",\"name\":\"Livre du mois: \u00abQu\u2019est-ce qu\u2019un chef?\u00bb &#8211; Leadership Campus de l&#039;Arm\u00e9e suisse\",\"isPartOf\":{\"@id\":\"https:\\\/\\\/leadershipcampus.ch\\\/fr\\\/#website\"},\"primaryImageOfPage\":{\"@id\":\"https:\\\/\\\/leadershipcampus.ch\\\/fr\\\/2025\\\/11\\\/06\\\/livre-du-mois-quest-ce-quun-chef\\\/#primaryimage\"},\"image\":{\"@id\":\"https:\\\/\\\/leadershipcampus.ch\\\/fr\\\/2025\\\/11\\\/06\\\/livre-du-mois-quest-ce-quun-chef\\\/#primaryimage\"},\"thumbnailUrl\":\"https:\\\/\\\/leadershipcampus.ch\\\/fr\\\/wp-content\\\/uploads\\\/sites\\\/3\\\/9782818506073-001-X.webp\",\"datePublished\":\"2025-11-06T14:46:00+00:00\",\"description\":\"Le lt col EMG Murat Alder pr\u00e9sente le livre \u00abQu\u2019est-ce qu\u2019un chef ?\u00bb de l\u2019ancien g\u00e9n\u00e9ral fran\u00e7ais Pierre de Villiers.\",\"breadcrumb\":{\"@id\":\"https:\\\/\\\/leadershipcampus.ch\\\/fr\\\/2025\\\/11\\\/06\\\/livre-du-mois-quest-ce-quun-chef\\\/#breadcrumb\"},\"inLanguage\":\"fr-FR\",\"potentialAction\":[{\"@type\":\"ReadAction\",\"target\":[\"https:\\\/\\\/leadershipcampus.ch\\\/fr\\\/2025\\\/11\\\/06\\\/livre-du-mois-quest-ce-quun-chef\\\/\"]}]},{\"@type\":\"ImageObject\",\"inLanguage\":\"fr-FR\",\"@id\":\"https:\\\/\\\/leadershipcampus.ch\\\/fr\\\/2025\\\/11\\\/06\\\/livre-du-mois-quest-ce-quun-chef\\\/#primaryimage\",\"url\":\"https:\\\/\\\/leadershipcampus.ch\\\/fr\\\/wp-content\\\/uploads\\\/sites\\\/3\\\/9782818506073-001-X.webp\",\"contentUrl\":\"https:\\\/\\\/leadershipcampus.ch\\\/fr\\\/wp-content\\\/uploads\\\/sites\\\/3\\\/9782818506073-001-X.webp\",\"width\":773,\"height\":1280},{\"@type\":\"BreadcrumbList\",\"@id\":\"https:\\\/\\\/leadershipcampus.ch\\\/fr\\\/2025\\\/11\\\/06\\\/livre-du-mois-quest-ce-quun-chef\\\/#breadcrumb\",\"itemListElement\":[{\"@type\":\"ListItem\",\"position\":1,\"name\":\"Home\",\"item\":\"https:\\\/\\\/leadershipcampus.ch\\\/fr\\\/\"},{\"@type\":\"ListItem\",\"position\":2,\"name\":\"Livre du mois: \u00abQu\u2019est-ce qu\u2019un chef?\u00bb\"}]},{\"@type\":\"WebSite\",\"@id\":\"https:\\\/\\\/leadershipcampus.ch\\\/fr\\\/#website\",\"url\":\"https:\\\/\\\/leadershipcampus.ch\\\/fr\\\/\",\"name\":\"Leadership Campus de l&#039;Arm\u00e9e suisse\",\"description\":\"\",\"publisher\":{\"@id\":\"https:\\\/\\\/leadershipcampus.ch\\\/fr\\\/#organization\"},\"potentialAction\":[{\"@type\":\"SearchAction\",\"target\":{\"@type\":\"EntryPoint\",\"urlTemplate\":\"https:\\\/\\\/leadershipcampus.ch\\\/fr\\\/?s={search_term_string}\"},\"query-input\":{\"@type\":\"PropertyValueSpecification\",\"valueRequired\":true,\"valueName\":\"search_term_string\"}}],\"inLanguage\":\"fr-FR\"},{\"@type\":\"Organization\",\"@id\":\"https:\\\/\\\/leadershipcampus.ch\\\/fr\\\/#organization\",\"name\":\"Leadership Campus de l'Arm\u00e9e suisse\",\"url\":\"https:\\\/\\\/leadershipcampus.ch\\\/fr\\\/\",\"logo\":{\"@type\":\"ImageObject\",\"inLanguage\":\"fr-FR\",\"@id\":\"https:\\\/\\\/leadershipcampus.ch\\\/fr\\\/#\\\/schema\\\/logo\\\/image\\\/\",\"url\":\"https:\\\/\\\/leadershipcampus.ch\\\/fr\\\/wp-content\\\/uploads\\\/sites\\\/3\\\/2022\\\/04\\\/Logo-Leadership-Campus-FR.png\",\"contentUrl\":\"https:\\\/\\\/leadershipcampus.ch\\\/fr\\\/wp-content\\\/uploads\\\/sites\\\/3\\\/2022\\\/04\\\/Logo-Leadership-Campus-FR.png\",\"width\":498,\"height\":53,\"caption\":\"Leadership Campus de l'Arm\u00e9e suisse\"},\"image\":{\"@id\":\"https:\\\/\\\/leadershipcampus.ch\\\/fr\\\/#\\\/schema\\\/logo\\\/image\\\/\"}},{\"@type\":\"Person\",\"@id\":\"https:\\\/\\\/leadershipcampus.ch\\\/fr\\\/#\\\/schema\\\/person\\\/369f7396a29b4a1ea65f7973e6748b18\",\"name\":\"nathanaelschabrun\",\"url\":\"https:\\\/\\\/leadershipcampus.ch\\\/fr\\\/author\\\/nathanaelschabrun\\\/\"}]}<\/script>\n<!-- \/ Yoast SEO plugin. -->","yoast_head_json":{"title":"Livre du mois: \u00abQu\u2019est-ce qu\u2019un chef?\u00bb &#8211; Leadership Campus de l&#039;Arm\u00e9e suisse","description":"Le lt col EMG Murat Alder pr\u00e9sente le livre \u00abQu\u2019est-ce qu\u2019un chef ?\u00bb de l\u2019ancien g\u00e9n\u00e9ral fran\u00e7ais Pierre de Villiers.","robots":{"index":"index","follow":"follow","max-snippet":"max-snippet:-1","max-image-preview":"max-image-preview:large","max-video-preview":"max-video-preview:-1"},"canonical":"https:\/\/leadershipcampus.ch\/fr\/2025\/11\/06\/livre-du-mois-quest-ce-quun-chef\/","og_locale":"fr_FR","og_type":"article","og_title":"Livre du mois: \u00abQu\u2019est-ce qu\u2019un chef?\u00bb &#8211; Leadership Campus de l&#039;Arm\u00e9e suisse","og_description":"Le lt col EMG Murat Alder pr\u00e9sente le livre \u00abQu\u2019est-ce qu\u2019un chef ?\u00bb de l\u2019ancien g\u00e9n\u00e9ral fran\u00e7ais Pierre de Villiers.","og_url":"https:\/\/leadershipcampus.ch\/fr\/2025\/11\/06\/livre-du-mois-quest-ce-quun-chef\/","og_site_name":"Leadership Campus de l&#039;Arm\u00e9e suisse","article_published_time":"2025-11-06T14:46:00+00:00","og_image":[{"width":773,"height":1280,"url":"https:\/\/leadershipcampus.ch\/fr\/wp-content\/uploads\/sites\/3\/9782818506073-001-X.webp","type":"image\/webp"}],"author":"nathanaelschabrun","twitter_card":"summary_large_image","twitter_misc":{"\u00c9crit par":"nathanaelschabrun","Dur\u00e9e de lecture estim\u00e9e":"4 minutes"},"schema":{"@context":"https:\/\/schema.org","@graph":[{"@type":"Article","@id":"https:\/\/leadershipcampus.ch\/fr\/2025\/11\/06\/livre-du-mois-quest-ce-quun-chef\/#article","isPartOf":{"@id":"https:\/\/leadershipcampus.ch\/fr\/2025\/11\/06\/livre-du-mois-quest-ce-quun-chef\/"},"author":{"name":"nathanaelschabrun","@id":"https:\/\/leadershipcampus.ch\/fr\/#\/schema\/person\/369f7396a29b4a1ea65f7973e6748b18"},"headline":"Livre du mois: \u00abQu\u2019est-ce qu\u2019un chef?\u00bb","datePublished":"2025-11-06T14:46:00+00:00","mainEntityOfPage":{"@id":"https:\/\/leadershipcampus.ch\/fr\/2025\/11\/06\/livre-du-mois-quest-ce-quun-chef\/"},"wordCount":741,"publisher":{"@id":"https:\/\/leadershipcampus.ch\/fr\/#organization"},"image":{"@id":"https:\/\/leadershipcampus.ch\/fr\/2025\/11\/06\/livre-du-mois-quest-ce-quun-chef\/#primaryimage"},"thumbnailUrl":"https:\/\/leadershipcampus.ch\/fr\/wp-content\/uploads\/sites\/3\/9782818506073-001-X.webp","keywords":["livre du mois"],"articleSection":["Leader's Digest","Leader's Digest #22","Newsletter"],"inLanguage":"fr-FR"},{"@type":"WebPage","@id":"https:\/\/leadershipcampus.ch\/fr\/2025\/11\/06\/livre-du-mois-quest-ce-quun-chef\/","url":"https:\/\/leadershipcampus.ch\/fr\/2025\/11\/06\/livre-du-mois-quest-ce-quun-chef\/","name":"Livre du mois: \u00abQu\u2019est-ce qu\u2019un chef?\u00bb &#8211; Leadership Campus de l&#039;Arm\u00e9e suisse","isPartOf":{"@id":"https:\/\/leadershipcampus.ch\/fr\/#website"},"primaryImageOfPage":{"@id":"https:\/\/leadershipcampus.ch\/fr\/2025\/11\/06\/livre-du-mois-quest-ce-quun-chef\/#primaryimage"},"image":{"@id":"https:\/\/leadershipcampus.ch\/fr\/2025\/11\/06\/livre-du-mois-quest-ce-quun-chef\/#primaryimage"},"thumbnailUrl":"https:\/\/leadershipcampus.ch\/fr\/wp-content\/uploads\/sites\/3\/9782818506073-001-X.webp","datePublished":"2025-11-06T14:46:00+00:00","description":"Le lt col EMG Murat Alder pr\u00e9sente le livre \u00abQu\u2019est-ce qu\u2019un chef ?\u00bb de l\u2019ancien g\u00e9n\u00e9ral fran\u00e7ais Pierre de Villiers.","breadcrumb":{"@id":"https:\/\/leadershipcampus.ch\/fr\/2025\/11\/06\/livre-du-mois-quest-ce-quun-chef\/#breadcrumb"},"inLanguage":"fr-FR","potentialAction":[{"@type":"ReadAction","target":["https:\/\/leadershipcampus.ch\/fr\/2025\/11\/06\/livre-du-mois-quest-ce-quun-chef\/"]}]},{"@type":"ImageObject","inLanguage":"fr-FR","@id":"https:\/\/leadershipcampus.ch\/fr\/2025\/11\/06\/livre-du-mois-quest-ce-quun-chef\/#primaryimage","url":"https:\/\/leadershipcampus.ch\/fr\/wp-content\/uploads\/sites\/3\/9782818506073-001-X.webp","contentUrl":"https:\/\/leadershipcampus.ch\/fr\/wp-content\/uploads\/sites\/3\/9782818506073-001-X.webp","width":773,"height":1280},{"@type":"BreadcrumbList","@id":"https:\/\/leadershipcampus.ch\/fr\/2025\/11\/06\/livre-du-mois-quest-ce-quun-chef\/#breadcrumb","itemListElement":[{"@type":"ListItem","position":1,"name":"Home","item":"https:\/\/leadershipcampus.ch\/fr\/"},{"@type":"ListItem","position":2,"name":"Livre du mois: \u00abQu\u2019est-ce qu\u2019un chef?\u00bb"}]},{"@type":"WebSite","@id":"https:\/\/leadershipcampus.ch\/fr\/#website","url":"https:\/\/leadershipcampus.ch\/fr\/","name":"Leadership Campus de l&#039;Arm\u00e9e suisse","description":"","publisher":{"@id":"https:\/\/leadershipcampus.ch\/fr\/#organization"},"potentialAction":[{"@type":"SearchAction","target":{"@type":"EntryPoint","urlTemplate":"https:\/\/leadershipcampus.ch\/fr\/?s={search_term_string}"},"query-input":{"@type":"PropertyValueSpecification","valueRequired":true,"valueName":"search_term_string"}}],"inLanguage":"fr-FR"},{"@type":"Organization","@id":"https:\/\/leadershipcampus.ch\/fr\/#organization","name":"Leadership Campus de l'Arm\u00e9e suisse","url":"https:\/\/leadershipcampus.ch\/fr\/","logo":{"@type":"ImageObject","inLanguage":"fr-FR","@id":"https:\/\/leadershipcampus.ch\/fr\/#\/schema\/logo\/image\/","url":"https:\/\/leadershipcampus.ch\/fr\/wp-content\/uploads\/sites\/3\/2022\/04\/Logo-Leadership-Campus-FR.png","contentUrl":"https:\/\/leadershipcampus.ch\/fr\/wp-content\/uploads\/sites\/3\/2022\/04\/Logo-Leadership-Campus-FR.png","width":498,"height":53,"caption":"Leadership Campus de l'Arm\u00e9e suisse"},"image":{"@id":"https:\/\/leadershipcampus.ch\/fr\/#\/schema\/logo\/image\/"}},{"@type":"Person","@id":"https:\/\/leadershipcampus.ch\/fr\/#\/schema\/person\/369f7396a29b4a1ea65f7973e6748b18","name":"nathanaelschabrun","url":"https:\/\/leadershipcampus.ch\/fr\/author\/nathanaelschabrun\/"}]}},"jetpack_featured_media_url":"https:\/\/leadershipcampus.ch\/fr\/wp-content\/uploads\/sites\/3\/9782818506073-001-X.webp","jetpack-related-posts":[{"id":2438,"url":"https:\/\/leadershipcampus.ch\/fr\/2025\/12\/11\/livre-du-mois-if-you-want-peace-prepare-for-war\/","url_meta":{"origin":2382,"position":0},"title":"Livre du mois: \u00abIf You Want Peace, Prepare for War\u00bb","author":"nathanaelschabrun","date":"11 d\u00e9cembre 2025","format":false,"excerpt":"Le chef de l\u2019arm\u00e9e, le commandant de corps Thomas S\u00fcssli, pr\u00e9sente \u00ab If You Want Peace, Prepare for War \u2014 A Blueprint for Deterrence \u00bb de l\u2019amiral en retraite Rob Bauer, qui y met en relation les \u00e9volutions actuelles de la s\u00e9curit\u00e9 internationale avec l\u2019exp\u00e9rience acquise au cours de sa\u2026","rel":"","context":"Dans &quot;Leader's Digest&quot;","block_context":{"text":"Leader's Digest","link":"https:\/\/leadershipcampus.ch\/fr\/category\/newsletter\/leaders-digest\/"},"img":{"alt_text":"","src":"https:\/\/i0.wp.com\/leadershipcampus.ch\/fr\/wp-content\/uploads\/sites\/3\/Book-Bauer1.jpg?resize=350%2C200&ssl=1","width":350,"height":200,"srcset":"https:\/\/i0.wp.com\/leadershipcampus.ch\/fr\/wp-content\/uploads\/sites\/3\/Book-Bauer1.jpg?resize=350%2C200&ssl=1 1x, https:\/\/i0.wp.com\/leadershipcampus.ch\/fr\/wp-content\/uploads\/sites\/3\/Book-Bauer1.jpg?resize=525%2C300&ssl=1 1.5x, https:\/\/i0.wp.com\/leadershipcampus.ch\/fr\/wp-content\/uploads\/sites\/3\/Book-Bauer1.jpg?resize=700%2C400&ssl=1 2x"},"classes":[]},{"id":2204,"url":"https:\/\/leadershipcampus.ch\/fr\/2025\/06\/07\/livre-du-mois-organizational-culture-and-leadership\/","url_meta":{"origin":2382,"position":1},"title":"Livre du mois : \u00abOrganizational Culture and Leadership\u00bb","author":"nathanaelschabrun","date":"7 juin 2025","format":false,"excerpt":"Lt-col EMG Julien Grand pr\u00e9sente le livre \u00abOrganizational Culture and Leadership\u00bb de Edgar H. Schein.","rel":"","context":"Dans &quot;Leader's Digest&quot;","block_context":{"text":"Leader's Digest","link":"https:\/\/leadershipcampus.ch\/fr\/category\/newsletter\/leaders-digest\/"},"img":{"alt_text":"","src":"https:\/\/i0.wp.com\/leadershipcampus.ch\/fr\/wp-content\/uploads\/sites\/3\/Organisational-Culture-and-Leadership.jpeg?resize=350%2C200&ssl=1","width":350,"height":200},"classes":[]},{"id":133,"url":"https:\/\/leadershipcampus.ch\/fr\/2024\/02\/01\/livre-du-mois-about-face-odyssey-of-an-american-warrior-de-david-h-hackworth\/","url_meta":{"origin":2382,"position":2},"title":"Livre du mois : \u00ab About Face: Odyssey of An American Warrior \u00bb de David H. Hackworth","author":"administrator@leadershipcampus.ch","date":"1 f\u00e9vrier 2024","format":false,"excerpt":"Le lt col EMG Olaf Niederberger, commandant du bataillon d'infanterie de montagne 48, pr\u00e9sente le livre \u00ab About Face : The Odyssey of An American Soldier \u00bb de David H. Hackworth et explique pourquoi l'arm\u00e9e suisse a besoin d'un changement de culture et ce qui aide \u00e0 y parvenir.","rel":"","context":"Dans &quot;Leader's Digest&quot;","block_context":{"text":"Leader's Digest","link":"https:\/\/leadershipcampus.ch\/fr\/category\/newsletter\/leaders-digest\/"},"img":{"alt_text":"Couverture de \u00ab About Face: Odyssey of An American Warrior \u00bb de David H. Hackworth","src":"https:\/\/i0.wp.com\/leadershipcampus.ch\/fr\/wp-content\/uploads\/sites\/3\/Leadership-Campus-Leaders-Digest-2-Buch-des-Monats-About-Face.png?resize=350%2C200&ssl=1","width":350,"height":200,"srcset":"https:\/\/i0.wp.com\/leadershipcampus.ch\/fr\/wp-content\/uploads\/sites\/3\/Leadership-Campus-Leaders-Digest-2-Buch-des-Monats-About-Face.png?resize=350%2C200&ssl=1 1x, https:\/\/i0.wp.com\/leadershipcampus.ch\/fr\/wp-content\/uploads\/sites\/3\/Leadership-Campus-Leaders-Digest-2-Buch-des-Monats-About-Face.png?resize=525%2C300&ssl=1 1.5x, https:\/\/i0.wp.com\/leadershipcampus.ch\/fr\/wp-content\/uploads\/sites\/3\/Leadership-Campus-Leaders-Digest-2-Buch-des-Monats-About-Face.png?resize=700%2C400&ssl=1 2x"},"classes":[]},{"id":625,"url":"https:\/\/leadershipcampus.ch\/fr\/2024\/05\/02\/livre-du-mois-the-ai-commander-centaur-teaming-command-and-ethical-dilemmas-de-james-johnson\/","url_meta":{"origin":2382,"position":3},"title":"Livre du mois : \u00ab The AI Commander: Centaur Teaming, Command, and Ethical Dilemmas \u00bb de James Johnson","author":"administrator@leadershipcampus.ch","date":"2 mai 2024","format":false,"excerpt":"Le Dr. es lettres Florian Demont fait la critique de \u00ab The AI Commander : Centaur Teaming, Command, and Ethical Dilemmas \u00bb de James Johnson et met en lumi\u00e8re l'influence potentielle de l'intelligence artificielle sur le leadership dans le domaine militaire.","rel":"","context":"Dans &quot;Leader's Digest&quot;","block_context":{"text":"Leader's Digest","link":"https:\/\/leadershipcampus.ch\/fr\/category\/newsletter\/leaders-digest\/"},"img":{"alt_text":"Couverture de \u00ab The AI Commander: Centaur Teaming, Command, and Ethical Dilemmas \u00bb de James Johnson","src":"https:\/\/i0.wp.com\/leadershipcampus.ch\/fr\/wp-content\/uploads\/sites\/3\/Leadership-Campus-Leaders-Digest-5-Livre-du-mois-The-AI-Commander.png?resize=350%2C200&ssl=1","width":350,"height":200,"srcset":"https:\/\/i0.wp.com\/leadershipcampus.ch\/fr\/wp-content\/uploads\/sites\/3\/Leadership-Campus-Leaders-Digest-5-Livre-du-mois-The-AI-Commander.png?resize=350%2C200&ssl=1 1x, https:\/\/i0.wp.com\/leadershipcampus.ch\/fr\/wp-content\/uploads\/sites\/3\/Leadership-Campus-Leaders-Digest-5-Livre-du-mois-The-AI-Commander.png?resize=525%2C300&ssl=1 1.5x, https:\/\/i0.wp.com\/leadershipcampus.ch\/fr\/wp-content\/uploads\/sites\/3\/Leadership-Campus-Leaders-Digest-5-Livre-du-mois-The-AI-Commander.png?resize=700%2C400&ssl=1 2x"},"classes":[]},{"id":1318,"url":"https:\/\/leadershipcampus.ch\/fr\/2024\/10\/03\/livre-du-mois-how-to-think-like-an-officerlessons-in-learning-and-leadership-for-soldiers-and-other-citizens-de-reed-bonadonna\/","url_meta":{"origin":2382,"position":4},"title":"Livre du mois : \u00ab How to Think Like an Officer : Lessons in Learning and Leadership for Soldiers and Other Citizens \u00bb de Reed Bonadonna","author":"administrator@leadershipcampus.ch","date":"3 octobre 2024","format":false,"excerpt":"Br Christoph Roduner nous pr\u00e9sente l'ouvrage \u00ab How to Think Like an Officer: Lessons in Learning and Leadership for Soldiers and Other Citizens \u00bb de Reed Bonadonna. Ce livre s'adresse aux soldats et aux civils et offre un aper\u00e7u pr\u00e9cieux de la pens\u00e9e, de l'apprentissage et du leadership militaires. Avec\u2026","rel":"","context":"Dans &quot;Leader's Digest&quot;","block_context":{"text":"Leader's Digest","link":"https:\/\/leadershipcampus.ch\/fr\/category\/newsletter\/leaders-digest\/"},"img":{"alt_text":"Couverture de \u00ab How to Think Like an Officer: Lessons in Learning and Leadership for Soldiers and Other Citizens \u00bb de Reed Bonadonna","src":"https:\/\/i0.wp.com\/leadershipcampus.ch\/fr\/wp-content\/uploads\/sites\/3\/Leadership-Campus-Leaders-Digest-10-Livre-du-mois-How-to-think-like-an-officer-Kopie.jpg?resize=350%2C200&ssl=1","width":350,"height":200,"srcset":"https:\/\/i0.wp.com\/leadershipcampus.ch\/fr\/wp-content\/uploads\/sites\/3\/Leadership-Campus-Leaders-Digest-10-Livre-du-mois-How-to-think-like-an-officer-Kopie.jpg?resize=350%2C200&ssl=1 1x, https:\/\/i0.wp.com\/leadershipcampus.ch\/fr\/wp-content\/uploads\/sites\/3\/Leadership-Campus-Leaders-Digest-10-Livre-du-mois-How-to-think-like-an-officer-Kopie.jpg?resize=525%2C300&ssl=1 1.5x, https:\/\/i0.wp.com\/leadershipcampus.ch\/fr\/wp-content\/uploads\/sites\/3\/Leadership-Campus-Leaders-Digest-10-Livre-du-mois-How-to-think-like-an-officer-Kopie.jpg?resize=700%2C400&ssl=1 2x"},"classes":[]},{"id":1162,"url":"https:\/\/leadershipcampus.ch\/fr\/2024\/09\/05\/livre-du-mois-xenophons-cyrus-the-great-the-arts-of-leadership-and-war-de-xenophon-editeur-larry-hedrick\/","url_meta":{"origin":2382,"position":5},"title":"Livre du mois : \u00ab Xenophon\u2019s Cyrus the Great \u2013 The Arts of Leadership and War \u00bb de Xenophon, editeur Larry Hedrick","author":"administrator@leadershipcampus.ch","date":"5 septembre 2024","format":false,"excerpt":"Dans ce num\u00e9ro, le col EMG Mathias M\u00fcller pr\u00e9sente \u00ab Cyrus the Great - The Arts of Leadership and War \u00bb de X\u00e9nophon. Une \u0153uvre qui r\u00e9sume l'essence du v\u00e9ritable leadership. Cyrus le Grand, pr\u00e9sent\u00e9 comme le leader id\u00e9al, r\u00e9unit brillance strat\u00e9gique et int\u00e9grit\u00e9 morale. Vous aussi, laissez-vous inspirer pour\u2026","rel":"","context":"Dans &quot;Leader's Digest&quot;","block_context":{"text":"Leader's Digest","link":"https:\/\/leadershipcampus.ch\/fr\/category\/newsletter\/leaders-digest\/"},"img":{"alt_text":"Couverture de \u00ab Xenophon\u2019s Cyrus the Great \u2013 The Arts of Leadership and War \u00bb de Xenophon, editeur Larry Hedrick","src":"https:\/\/i0.wp.com\/leadershipcampus.ch\/fr\/wp-content\/uploads\/sites\/3\/Leadership-Campus-Leaders-Digest-9-Livre-du-mois-Xenophons-Cyrus-the-Great.png?resize=350%2C200&ssl=1","width":350,"height":200,"srcset":"https:\/\/i0.wp.com\/leadershipcampus.ch\/fr\/wp-content\/uploads\/sites\/3\/Leadership-Campus-Leaders-Digest-9-Livre-du-mois-Xenophons-Cyrus-the-Great.png?resize=350%2C200&ssl=1 1x, https:\/\/i0.wp.com\/leadershipcampus.ch\/fr\/wp-content\/uploads\/sites\/3\/Leadership-Campus-Leaders-Digest-9-Livre-du-mois-Xenophons-Cyrus-the-Great.png?resize=525%2C300&ssl=1 1.5x, https:\/\/i0.wp.com\/leadershipcampus.ch\/fr\/wp-content\/uploads\/sites\/3\/Leadership-Campus-Leaders-Digest-9-Livre-du-mois-Xenophons-Cyrus-the-Great.png?resize=700%2C400&ssl=1 2x"},"classes":[]}],"jetpack_sharing_enabled":true,"_links":{"self":[{"href":"https:\/\/leadershipcampus.ch\/fr\/wp-json\/wp\/v2\/posts\/2382","targetHints":{"allow":["GET"]}}],"collection":[{"href":"https:\/\/leadershipcampus.ch\/fr\/wp-json\/wp\/v2\/posts"}],"about":[{"href":"https:\/\/leadershipcampus.ch\/fr\/wp-json\/wp\/v2\/types\/post"}],"author":[{"embeddable":true,"href":"https:\/\/leadershipcampus.ch\/fr\/wp-json\/wp\/v2\/users\/13"}],"replies":[{"embeddable":true,"href":"https:\/\/leadershipcampus.ch\/fr\/wp-json\/wp\/v2\/comments?post=2382"}],"version-history":[{"count":3,"href":"https:\/\/leadershipcampus.ch\/fr\/wp-json\/wp\/v2\/posts\/2382\/revisions"}],"predecessor-version":[{"id":2425,"href":"https:\/\/leadershipcampus.ch\/fr\/wp-json\/wp\/v2\/posts\/2382\/revisions\/2425"}],"wp:featuredmedia":[{"embeddable":true,"href":"https:\/\/leadershipcampus.ch\/fr\/wp-json\/wp\/v2\/media\/2383"}],"wp:attachment":[{"href":"https:\/\/leadershipcampus.ch\/fr\/wp-json\/wp\/v2\/media?parent=2382"}],"wp:term":[{"taxonomy":"category","embeddable":true,"href":"https:\/\/leadershipcampus.ch\/fr\/wp-json\/wp\/v2\/categories?post=2382"},{"taxonomy":"post_tag","embeddable":true,"href":"https:\/\/leadershipcampus.ch\/fr\/wp-json\/wp\/v2\/tags?post=2382"}],"curies":[{"name":"wp","href":"https:\/\/api.w.org\/{rel}","templated":true}]}}