{"id":2715,"date":"2026-09-02T15:47:00","date_gmt":"2026-09-02T13:47:00","guid":{"rendered":"https:\/\/leadershipcampus.ch\/fr\/?p=2715"},"modified":"2026-08-24T05:51:10","modified_gmt":"2026-08-24T03:51:10","slug":"update-conduite-septembre-2026","status":"publish","type":"post","link":"https:\/\/leadershipcampus.ch\/fr\/2026\/09\/02\/update-conduite-septembre-2026\/","title":{"rendered":"Update Conduite\u00a0: Septembre 2026"},"content":{"rendered":"\n<h4 class=\"wp-block-heading\"><strong>Military Leadership in Extreme Situations: An International Perspective<\/strong><\/h4>\n\n\n\n<p class=\"wp-block-paragraph\">[Springer, 2026, Sarah von Felten (ed.)]\u2028<\/p>\n\n\n\n<p class=\"wp-block-paragraph\">The volume examines military leadership in extreme situations from an international comparative perspective. Contributions from sixteen countries and regions address how armed forces conceptualise leadership and prepare military personnel for demanding operational environments. The chapters cover themes such as decision-making under uncertainty, resilience, adaptability, ethics and followership, while considering the influence of different institutional, cultural, and security contexts.<\/p>\n\n\n\n<p class=\"wp-block-paragraph\">Link: <a href=\"https:\/\/link.springer.com\/book\/10.1007\/978-3-032-25937-0\">https:\/\/link.springer.com\/book\/10.1007\/978-3-032-25937-0<\/a><\/p>\n\n\n\n<h4 class=\"wp-block-heading\"><strong>L<\/strong><strong>\u2019art de la conduite entre chaos et perfection\u2028<\/strong><\/h4>\n\n\n\n<p class=\"wp-block-paragraph\">[NZZ Libro, 2026, Patrick Hofstetter, Thomas Vogel, Reto Wegmann]\u2028<\/p>\n\n\n\n<p class=\"wp-block-paragraph\">Comment conduire lorsque le quotidien oscille entre chaos et complexit\u00e9 tout en exigeant pr\u00e9cision et fiabilit\u00e9? Les auteurs proposent un cadre pratique qui articule trois perspectives compl\u00e9mentaires: la mission, l\u2019humain et l\u2019organisation. Mod\u00e8les, outils et exemples permettent aux cadres de structurer leur action et de mieux faire face aux tensions inh\u00e9rentes \u00e0 la conduite. Cette \u00e9dition est une traduction de l\u2019ouvrage allemand \u00abAuftrag. Mensch. Organisation.\u00bb des m\u00eames auteurs, adapt\u00e9e g\u00e9ographiquement au lectorat francophone par des exemples et des r\u00e9f\u00e9rences sp\u00e9cifiques.\u2028<\/p>\n\n\n\n<p class=\"wp-block-paragraph\">Link: <a href=\"https:\/\/www.nzz-libro.ch\/produkt\/l-art-de-la-conduite-entre-chaos-et-perfection-9783039800827-t-19973\">https:\/\/www.nzz-libro.ch\/produkt\/l-art-de-la-conduite-entre-chaos-et-perfection-9783039800827-t-19973<\/a><\/p>\n\n\n\n<h4 class=\"wp-block-heading\"><strong>Individuelle Katastrophenvorsorge: Gef\u00e4hrdungswahrnehmung, Informationsbed\u00fcrfnisse und pers\u00f6nliche Vorsorge der Schweizer Bev\u00f6lkerung<\/strong><\/h4>\n\n\n\n<p class=\"wp-block-paragraph\">[CSS ETH, April 2026, Simon Aebi, Jurgena Kamberaj]<\/p>\n\n\n\n<p class=\"wp-block-paragraph\">Das Center for Security Studies an der ETH hat im Rahmen eines Risk &amp; Resilience Reports eine Studie zu individueller Katastrophenvorsorge durchgef\u00fchrt, die auf einer repr\u00e4sentativen Umfrage basiert. Die Studie zeigt unter anderem, dass sich die individuelle Katastrophenvorsorge im Vergleich zu den letzten Umfragen in 2011 und 2017 weiterentwickelt hat, diese jedoch auch heute noch zu unsystematisch ist. Die Autoren der Studie schlagen vor, diesem Mangel an systematischer individueller Katastrophenvorsorge mit effektiver Kommunikation entgegenzutreten, sowie Katastrophenwarnungen via Mobilfunk (Cell Broadcast) zu erm\u00f6glichen. Die vollst\u00e4ndige Studie k\u00f6nnen Sie auf dem folgenden Link als PDF-Datei herunterladen.<\/p>\n\n\n\n<p class=\"wp-block-paragraph\">Link: <a href=\"https:\/\/css.ethz.ch\/ueber-uns\/CSS-news\/2026\/04\/individuelle-katastrophenvorsorge-gefaehrdungswahrnehmung-informationsbeduerfnisse-und-persoenliche-vorsorge-der-schweizer-bevoelkerung.html\">https:\/\/css.ethz.ch\/ueber-uns\/CSS-news\/2026\/04\/individuelle-katastrophenvorsorge-gefaehrdungswahrnehmung-informationsbeduerfnisse-und-persoenliche-vorsorge-der-schweizer-bevoelkerung.html<\/a><\/p>\n\n\n\n<h4 class=\"wp-block-heading\"><strong>The End of Audacity? Artificial Intelligence and the Future of Command<\/strong><\/h4>\n\n\n\n<p class=\"wp-block-paragraph\">[Modern War Institute, 24.12.2025, Antonio Salinas, David V. Gioe]<\/p>\n\n\n\n<p class=\"wp-block-paragraph\">Salinas and Gioe highlight the role audacity played in successful military operations, and note that military officers should beware of \u201calgorithmic caution\u201d, where a lack of AI\u2019s approval leads to a lack of decisive action. The authors use historic examples such as the D-Day landings in Normandy to showcase how Clausewitz\u2019 <em>moral forces<\/em> and other factors shape the success of military operations; they argue that as AI struggles with those non-quantifiable factors, it is crucial that officers see AI as a tool to help decision-making, rather than to look to AI for leadership itself.<\/p>\n\n\n\n<p class=\"wp-block-paragraph\">Link: <a href=\"https:\/\/mwi.westpoint.edu\/the-end-of-audacity-artificial-intelligence-and-the-future-of-command\/\">https:\/\/mwi.westpoint.edu\/the-end-of-audacity-artificial-intelligence-and-the-future-of-command\/<\/a><\/p>\n\n\n\n<h4 class=\"wp-block-heading\"><strong>Ukrainian computer game-style drone attack system goes viral<\/strong><\/h4>\n\n\n\n<p class=\"wp-block-paragraph\">[Guardian, 03.11.2025, Robert Booth]<\/p>\n\n\n\n<p class=\"wp-block-paragraph\">In this article Booth describes how Ukraine \u00abgamified\u00bb and decentralised procurement processes. Since 2024, a various number of points are distributed to Ukrainian units when they destroy a Russian target, and those points can then be used by said unit to order more equipment on the Brave1 marketplace, which has been called \u00abAmazon-for-War\u00bb. As the distributed points per target can be adapted and hence incentives can be shifted, the point system can be adapted to changing battlefield priorities.<\/p>\n\n\n\n<p class=\"wp-block-paragraph\">Link: <a href=\"https:\/\/www.theguardian.com\/world\/2025\/nov\/03\/ukrainian-computer-game-style-drone-attack-system-goes-viral\">https:\/\/www.theguardian.com\/world\/2025\/nov\/03\/ukrainian-computer-game-style-drone-attack-system-goes-viral<\/a><\/p>\n\n\n\n<h4 class=\"wp-block-heading\"><strong>Austria\u2019s Neutrality At 70<\/strong> <strong>\u2014<\/strong> <strong>Is it Still Fit for Purpose?<\/strong><\/h4>\n\n\n\n<p class=\"wp-block-paragraph\">[ICDS, 27.10.2025, Felix Gasper]<\/p>\n\n\n\n<p class=\"wp-block-paragraph\">Debates on neutrality are not unique to Switzerland, and are also ongoing in Switzerland\u2019s eastern neighbour. Whereas Austria is part of the EU and Switzerland is not, the similarities of the neutrality debates in both countries are striking.<\/p>\n\n\n\n<p class=\"wp-block-paragraph\">Link: <a href=\"https:\/\/icds.ee\/en\/austrias-neutrality-at-70-is-it-still-fit-for-purpose\/\">https:\/\/icds.ee\/en\/austrias-neutrality-at-70-is-it-still-fit-for-purpose\/<\/a><\/p>\n\n\n\n<hr class=\"wp-block-separator has-alpha-channel-opacity\" \/>\n\n\n\n<h2 class=\"wp-block-heading\">\u00c0 propos de \u00ab Update Conduite \u00bb<\/h2>\n\n\n\n<p class=\"wp-block-paragraph\">Le \u00ab Update Conduite \u00bb est une rubrique r\u00e9currente de la newsletter <a href=\"https:\/\/leadershipcampus.ch\/leaders\/leaders-digest\/\">Leader&rsquo;s Digest<\/a>. Cette newsletter est le fruit d&rsquo;une coop\u00e9ration entre le <a href=\"https:\/\/leadershipcampus.ch\/fr\/\">Leadership Campus de l&rsquo;Arm\u00e9e suisse<\/a> et les <a href=\"https:\/\/www.vtg.admin.ch\/fr\/academie-militaire-acamil-a-lepf-de-zurich\">\u00e9tudes conduite et communication<\/a> de l&rsquo;Acad\u00e9mie militaire \u00e0 l&rsquo;EPF de Zurich. Si vous n&rsquo;\u00eates pas encore abonn\u00e9 au Leader&rsquo;s Digest, vous trouverez de plus amples informations ainsi que le formulaire d&rsquo;inscription en cliquant sur ce <a href=\"https:\/\/leadershipcampus.ch\/leaders\/leaders-digest\/\">lien<\/a>. Si vous d\u00e9couvrez des choses int\u00e9ressantes \u00e0 lire sur Command, Leadership ou Management, nous serions heureux que vous les partagiez avec nous. Nous serions heureux de recevoir des conseils pour le prochain num\u00e9ro du Leader&rsquo;s Digest par <a href=\"mailto:leadersdigest@leadershipcampus.ch\">leadersdigest@leadershipcampus.ch<\/a>.<\/p>\n\n\n\n<p class=\"wp-block-paragraph\"><strong>Nouveau : tous les articles parus jusqu&rsquo;\u00e0 pr\u00e9sent dans la rubrique \u00ab Update Conduite \u00bb sont d\u00e9sormais disponibles dans les <a href=\"https:\/\/leadershipcampus.ch\/fr\/category\/newsletter\/update-conduite\/\">Archives Update Conduite<\/a>.<\/strong><\/p>\n","protected":false},"excerpt":{"rendered":"<p>Les \u00e9tudes conduite et communication de l&rsquo;Acad\u00e9mie militaire \u00e0 l&rsquo;EPF de Zurich r\u00e9sument pour vous les articles les plus pertinents de ces derniers mois sur le th\u00e8me de la conduite militaire. Ce mois-ci, entre autres, des articles sur la pr\u00e9vention individuelle des catastrophes, \u00e0 l&rsquo;IA militaire ainsi qu&rsquo;aux d\u00e9bats sur la neutralit\u00e9 en Autriche.<\/p>\n","protected":false},"author":13,"featured_media":2718,"comment_status":"closed","ping_status":"closed","sticky":false,"template":"","format":"standard","meta":{"_jetpack_newsletter_access":"","_jetpack_dont_email_post_to_subs":false,"_jetpack_newsletter_tier_id":0,"_jetpack_memberships_contains_paywalled_content":false,"_jetpack_memberships_contains_paid_content":false,"footnotes":"[]"},"categories":[9,77,8,73],"tags":[13],"class_list":["post-2715","post","type-post","status-publish","format-standard","has-post-thumbnail","hentry","category-leaders-digest","category-leaders-digest-30","category-newsletter","category-update-conduite","tag-update-conduite"],"yoast_head":"<!-- This site is optimized with the Yoast SEO plugin v28.4 - https:\/\/yoast.com\/product\/yoast-seo-wordpress\/ -->\n<title>Update Conduite\u00a0: Septembre 2026 &#8211; Leadership Campus de l&#039;Arm\u00e9e suisse<\/title>\n<meta name=\"description\" content=\"Les \u00e9tudes conduite et communication de l&#039;Acad\u00e9mie militaire \u00e0 l&#039;EPF de Zurich r\u00e9sument pour vous les articles les plus pertinents de ces derniers mois sur le th\u00e8me de la conduite militaire. Ce mois-ci, entre autres, des articles sur la pr\u00e9vention individuelle des catastrophes, \u00e0 l&#039;IA militaire ainsi qu&#039;aux d\u00e9bats sur la neutralit\u00e9 en Autriche.\" \/>\n<meta name=\"robots\" content=\"index, follow, max-snippet:-1, max-image-preview:large, max-video-preview:-1\" \/>\n<link rel=\"canonical\" href=\"https:\/\/leadershipcampus.ch\/fr\/2026\/09\/02\/update-conduite-septembre-2026\/\" \/>\n<meta property=\"og:locale\" content=\"fr_FR\" \/>\n<meta property=\"og:type\" content=\"article\" \/>\n<meta property=\"og:title\" content=\"Update Conduite\u00a0: Septembre 2026 &#8211; Leadership Campus de l&#039;Arm\u00e9e suisse\" \/>\n<meta property=\"og:description\" content=\"Les \u00e9tudes conduite et communication de l&#039;Acad\u00e9mie militaire \u00e0 l&#039;EPF de Zurich r\u00e9sument pour vous les articles les plus pertinents de ces derniers mois sur le th\u00e8me de la conduite militaire. Ce mois-ci, entre autres, des articles sur la pr\u00e9vention individuelle des catastrophes, \u00e0 l&#039;IA militaire ainsi qu&#039;aux d\u00e9bats sur la neutralit\u00e9 en Autriche.\" \/>\n<meta property=\"og:url\" content=\"https:\/\/leadershipcampus.ch\/fr\/2026\/09\/02\/update-conduite-septembre-2026\/\" \/>\n<meta property=\"og:site_name\" content=\"Leadership Campus de l&#039;Arm\u00e9e suisse\" \/>\n<meta property=\"article:published_time\" content=\"2026-09-02T13:47:00+00:00\" \/>\n<meta property=\"og:image\" content=\"https:\/\/leadershipcampus.ch\/fr\/wp-content\/uploads\/sites\/3\/0116_0064-01_078411.jpg\" \/>\n\t<meta property=\"og:image:width\" content=\"800\" \/>\n\t<meta property=\"og:image:height\" content=\"581\" \/>\n\t<meta property=\"og:image:type\" content=\"image\/jpeg\" \/>\n<meta name=\"author\" content=\"nathanaelschabrun\" \/>\n<meta name=\"twitter:card\" content=\"summary_large_image\" \/>\n<meta name=\"twitter:label1\" content=\"\u00c9crit par\" \/>\n\t<meta name=\"twitter:data1\" content=\"nathanaelschabrun\" \/>\n\t<meta name=\"twitter:label2\" content=\"Dur\u00e9e de lecture estim\u00e9e\" \/>\n\t<meta name=\"twitter:data2\" content=\"4 minutes\" \/>\n<script type=\"application\/ld+json\" class=\"yoast-schema-graph\">{\"@context\":\"https:\\\/\\\/schema.org\",\"@graph\":[{\"@type\":\"Article\",\"@id\":\"https:\\\/\\\/leadershipcampus.ch\\\/fr\\\/2026\\\/09\\\/02\\\/update-conduite-septembre-2026\\\/#article\",\"isPartOf\":{\"@id\":\"https:\\\/\\\/leadershipcampus.ch\\\/fr\\\/2026\\\/09\\\/02\\\/update-conduite-septembre-2026\\\/\"},\"author\":{\"name\":\"nathanaelschabrun\",\"@id\":\"https:\\\/\\\/leadershipcampus.ch\\\/fr\\\/#\\\/schema\\\/person\\\/369f7396a29b4a1ea65f7973e6748b18\"},\"headline\":\"Update Conduite\u00a0: Septembre 2026\",\"datePublished\":\"2026-09-02T13:47:00+00:00\",\"mainEntityOfPage\":{\"@id\":\"https:\\\/\\\/leadershipcampus.ch\\\/fr\\\/2026\\\/09\\\/02\\\/update-conduite-septembre-2026\\\/\"},\"wordCount\":747,\"publisher\":{\"@id\":\"https:\\\/\\\/leadershipcampus.ch\\\/fr\\\/#organization\"},\"image\":{\"@id\":\"https:\\\/\\\/leadershipcampus.ch\\\/fr\\\/2026\\\/09\\\/02\\\/update-conduite-septembre-2026\\\/#primaryimage\"},\"thumbnailUrl\":\"https:\\\/\\\/leadershipcampus.ch\\\/fr\\\/wp-content\\\/uploads\\\/sites\\\/3\\\/0116_0064-01_078411.jpg\",\"keywords\":[\"Update Conduite\"],\"articleSection\":[\"Leader's Digest\",\"Leader's Digest #30\",\"Newsletter\",\"Update Conduite\"],\"inLanguage\":\"fr-FR\"},{\"@type\":\"WebPage\",\"@id\":\"https:\\\/\\\/leadershipcampus.ch\\\/fr\\\/2026\\\/09\\\/02\\\/update-conduite-septembre-2026\\\/\",\"url\":\"https:\\\/\\\/leadershipcampus.ch\\\/fr\\\/2026\\\/09\\\/02\\\/update-conduite-septembre-2026\\\/\",\"name\":\"Update Conduite\u00a0: Septembre 2026 &#8211; Leadership Campus de l&#039;Arm\u00e9e suisse\",\"isPartOf\":{\"@id\":\"https:\\\/\\\/leadershipcampus.ch\\\/fr\\\/#website\"},\"primaryImageOfPage\":{\"@id\":\"https:\\\/\\\/leadershipcampus.ch\\\/fr\\\/2026\\\/09\\\/02\\\/update-conduite-septembre-2026\\\/#primaryimage\"},\"image\":{\"@id\":\"https:\\\/\\\/leadershipcampus.ch\\\/fr\\\/2026\\\/09\\\/02\\\/update-conduite-septembre-2026\\\/#primaryimage\"},\"thumbnailUrl\":\"https:\\\/\\\/leadershipcampus.ch\\\/fr\\\/wp-content\\\/uploads\\\/sites\\\/3\\\/0116_0064-01_078411.jpg\",\"datePublished\":\"2026-09-02T13:47:00+00:00\",\"description\":\"Les \u00e9tudes conduite et communication de l'Acad\u00e9mie militaire \u00e0 l'EPF de Zurich r\u00e9sument pour vous les articles les plus pertinents de ces derniers mois sur le th\u00e8me de la conduite militaire. Ce mois-ci, entre autres, des articles sur la pr\u00e9vention individuelle des catastrophes, \u00e0 l'IA militaire ainsi qu'aux d\u00e9bats sur la neutralit\u00e9 en Autriche.\",\"breadcrumb\":{\"@id\":\"https:\\\/\\\/leadershipcampus.ch\\\/fr\\\/2026\\\/09\\\/02\\\/update-conduite-septembre-2026\\\/#breadcrumb\"},\"inLanguage\":\"fr-FR\",\"potentialAction\":[{\"@type\":\"ReadAction\",\"target\":[\"https:\\\/\\\/leadershipcampus.ch\\\/fr\\\/2026\\\/09\\\/02\\\/update-conduite-septembre-2026\\\/\"]}]},{\"@type\":\"ImageObject\",\"inLanguage\":\"fr-FR\",\"@id\":\"https:\\\/\\\/leadershipcampus.ch\\\/fr\\\/2026\\\/09\\\/02\\\/update-conduite-septembre-2026\\\/#primaryimage\",\"url\":\"https:\\\/\\\/leadershipcampus.ch\\\/fr\\\/wp-content\\\/uploads\\\/sites\\\/3\\\/0116_0064-01_078411.jpg\",\"contentUrl\":\"https:\\\/\\\/leadershipcampus.ch\\\/fr\\\/wp-content\\\/uploads\\\/sites\\\/3\\\/0116_0064-01_078411.jpg\",\"width\":800,\"height\":581,\"caption\":\"CONEX 26 - Point d'acc\u00e8s radio (RAP) blind\u00e9 dans le tunnel du B\u00f6zberg. Photo : VBS\\\/DDPS (Ben Zurbriggen)\"},{\"@type\":\"BreadcrumbList\",\"@id\":\"https:\\\/\\\/leadershipcampus.ch\\\/fr\\\/2026\\\/09\\\/02\\\/update-conduite-septembre-2026\\\/#breadcrumb\",\"itemListElement\":[{\"@type\":\"ListItem\",\"position\":1,\"name\":\"Home\",\"item\":\"https:\\\/\\\/leadershipcampus.ch\\\/fr\\\/\"},{\"@type\":\"ListItem\",\"position\":2,\"name\":\"Update Conduite\u00a0: Septembre 2026\"}]},{\"@type\":\"WebSite\",\"@id\":\"https:\\\/\\\/leadershipcampus.ch\\\/fr\\\/#website\",\"url\":\"https:\\\/\\\/leadershipcampus.ch\\\/fr\\\/\",\"name\":\"Leadership Campus de l&#039;Arm\u00e9e suisse\",\"description\":\"\",\"publisher\":{\"@id\":\"https:\\\/\\\/leadershipcampus.ch\\\/fr\\\/#organization\"},\"potentialAction\":[{\"@type\":\"SearchAction\",\"target\":{\"@type\":\"EntryPoint\",\"urlTemplate\":\"https:\\\/\\\/leadershipcampus.ch\\\/fr\\\/?s={search_term_string}\"},\"query-input\":{\"@type\":\"PropertyValueSpecification\",\"valueRequired\":true,\"valueName\":\"search_term_string\"}}],\"inLanguage\":\"fr-FR\"},{\"@type\":\"Organization\",\"@id\":\"https:\\\/\\\/leadershipcampus.ch\\\/fr\\\/#organization\",\"name\":\"Leadership Campus de l'Arm\u00e9e suisse\",\"url\":\"https:\\\/\\\/leadershipcampus.ch\\\/fr\\\/\",\"logo\":{\"@type\":\"ImageObject\",\"inLanguage\":\"fr-FR\",\"@id\":\"https:\\\/\\\/leadershipcampus.ch\\\/fr\\\/#\\\/schema\\\/logo\\\/image\\\/\",\"url\":\"https:\\\/\\\/leadershipcampus.ch\\\/fr\\\/wp-content\\\/uploads\\\/sites\\\/3\\\/2022\\\/04\\\/Logo-Leadership-Campus-FR.png\",\"contentUrl\":\"https:\\\/\\\/leadershipcampus.ch\\\/fr\\\/wp-content\\\/uploads\\\/sites\\\/3\\\/2022\\\/04\\\/Logo-Leadership-Campus-FR.png\",\"width\":498,\"height\":53,\"caption\":\"Leadership Campus de l'Arm\u00e9e suisse\"},\"image\":{\"@id\":\"https:\\\/\\\/leadershipcampus.ch\\\/fr\\\/#\\\/schema\\\/logo\\\/image\\\/\"}},{\"@type\":\"Person\",\"@id\":\"https:\\\/\\\/leadershipcampus.ch\\\/fr\\\/#\\\/schema\\\/person\\\/369f7396a29b4a1ea65f7973e6748b18\",\"name\":\"nathanaelschabrun\",\"url\":\"https:\\\/\\\/leadershipcampus.ch\\\/fr\\\/author\\\/nathanaelschabrun\\\/\"}]}<\/script>\n<!-- \/ Yoast SEO plugin. -->","yoast_head_json":{"title":"Update Conduite\u00a0: Septembre 2026 &#8211; Leadership Campus de l&#039;Arm\u00e9e suisse","description":"Les \u00e9tudes conduite et communication de l'Acad\u00e9mie militaire \u00e0 l'EPF de Zurich r\u00e9sument pour vous les articles les plus pertinents de ces derniers mois sur le th\u00e8me de la conduite militaire. Ce mois-ci, entre autres, des articles sur la pr\u00e9vention individuelle des catastrophes, \u00e0 l'IA militaire ainsi qu'aux d\u00e9bats sur la neutralit\u00e9 en Autriche.","robots":{"index":"index","follow":"follow","max-snippet":"max-snippet:-1","max-image-preview":"max-image-preview:large","max-video-preview":"max-video-preview:-1"},"canonical":"https:\/\/leadershipcampus.ch\/fr\/2026\/09\/02\/update-conduite-septembre-2026\/","og_locale":"fr_FR","og_type":"article","og_title":"Update Conduite\u00a0: Septembre 2026 &#8211; Leadership Campus de l&#039;Arm\u00e9e suisse","og_description":"Les \u00e9tudes conduite et communication de l'Acad\u00e9mie militaire \u00e0 l'EPF de Zurich r\u00e9sument pour vous les articles les plus pertinents de ces derniers mois sur le th\u00e8me de la conduite militaire. Ce mois-ci, entre autres, des articles sur la pr\u00e9vention individuelle des catastrophes, \u00e0 l'IA militaire ainsi qu'aux d\u00e9bats sur la neutralit\u00e9 en Autriche.","og_url":"https:\/\/leadershipcampus.ch\/fr\/2026\/09\/02\/update-conduite-septembre-2026\/","og_site_name":"Leadership Campus de l&#039;Arm\u00e9e suisse","article_published_time":"2026-09-02T13:47:00+00:00","og_image":[{"width":800,"height":581,"url":"https:\/\/leadershipcampus.ch\/fr\/wp-content\/uploads\/sites\/3\/0116_0064-01_078411.jpg","type":"image\/jpeg"}],"author":"nathanaelschabrun","twitter_card":"summary_large_image","twitter_misc":{"\u00c9crit par":"nathanaelschabrun","Dur\u00e9e de lecture estim\u00e9e":"4 minutes"},"schema":{"@context":"https:\/\/schema.org","@graph":[{"@type":"Article","@id":"https:\/\/leadershipcampus.ch\/fr\/2026\/09\/02\/update-conduite-septembre-2026\/#article","isPartOf":{"@id":"https:\/\/leadershipcampus.ch\/fr\/2026\/09\/02\/update-conduite-septembre-2026\/"},"author":{"name":"nathanaelschabrun","@id":"https:\/\/leadershipcampus.ch\/fr\/#\/schema\/person\/369f7396a29b4a1ea65f7973e6748b18"},"headline":"Update Conduite\u00a0: Septembre 2026","datePublished":"2026-09-02T13:47:00+00:00","mainEntityOfPage":{"@id":"https:\/\/leadershipcampus.ch\/fr\/2026\/09\/02\/update-conduite-septembre-2026\/"},"wordCount":747,"publisher":{"@id":"https:\/\/leadershipcampus.ch\/fr\/#organization"},"image":{"@id":"https:\/\/leadershipcampus.ch\/fr\/2026\/09\/02\/update-conduite-septembre-2026\/#primaryimage"},"thumbnailUrl":"https:\/\/leadershipcampus.ch\/fr\/wp-content\/uploads\/sites\/3\/0116_0064-01_078411.jpg","keywords":["Update Conduite"],"articleSection":["Leader's Digest","Leader's Digest #30","Newsletter","Update Conduite"],"inLanguage":"fr-FR"},{"@type":"WebPage","@id":"https:\/\/leadershipcampus.ch\/fr\/2026\/09\/02\/update-conduite-septembre-2026\/","url":"https:\/\/leadershipcampus.ch\/fr\/2026\/09\/02\/update-conduite-septembre-2026\/","name":"Update Conduite\u00a0: Septembre 2026 &#8211; Leadership Campus de l&#039;Arm\u00e9e suisse","isPartOf":{"@id":"https:\/\/leadershipcampus.ch\/fr\/#website"},"primaryImageOfPage":{"@id":"https:\/\/leadershipcampus.ch\/fr\/2026\/09\/02\/update-conduite-septembre-2026\/#primaryimage"},"image":{"@id":"https:\/\/leadershipcampus.ch\/fr\/2026\/09\/02\/update-conduite-septembre-2026\/#primaryimage"},"thumbnailUrl":"https:\/\/leadershipcampus.ch\/fr\/wp-content\/uploads\/sites\/3\/0116_0064-01_078411.jpg","datePublished":"2026-09-02T13:47:00+00:00","description":"Les \u00e9tudes conduite et communication de l'Acad\u00e9mie militaire \u00e0 l'EPF de Zurich r\u00e9sument pour vous les articles les plus pertinents de ces derniers mois sur le th\u00e8me de la conduite militaire. Ce mois-ci, entre autres, des articles sur la pr\u00e9vention individuelle des catastrophes, \u00e0 l'IA militaire ainsi qu'aux d\u00e9bats sur la neutralit\u00e9 en Autriche.","breadcrumb":{"@id":"https:\/\/leadershipcampus.ch\/fr\/2026\/09\/02\/update-conduite-septembre-2026\/#breadcrumb"},"inLanguage":"fr-FR","potentialAction":[{"@type":"ReadAction","target":["https:\/\/leadershipcampus.ch\/fr\/2026\/09\/02\/update-conduite-septembre-2026\/"]}]},{"@type":"ImageObject","inLanguage":"fr-FR","@id":"https:\/\/leadershipcampus.ch\/fr\/2026\/09\/02\/update-conduite-septembre-2026\/#primaryimage","url":"https:\/\/leadershipcampus.ch\/fr\/wp-content\/uploads\/sites\/3\/0116_0064-01_078411.jpg","contentUrl":"https:\/\/leadershipcampus.ch\/fr\/wp-content\/uploads\/sites\/3\/0116_0064-01_078411.jpg","width":800,"height":581,"caption":"CONEX 26 - Point d'acc\u00e8s radio (RAP) blind\u00e9 dans le tunnel du B\u00f6zberg. Photo : VBS\/DDPS (Ben Zurbriggen)"},{"@type":"BreadcrumbList","@id":"https:\/\/leadershipcampus.ch\/fr\/2026\/09\/02\/update-conduite-septembre-2026\/#breadcrumb","itemListElement":[{"@type":"ListItem","position":1,"name":"Home","item":"https:\/\/leadershipcampus.ch\/fr\/"},{"@type":"ListItem","position":2,"name":"Update Conduite\u00a0: Septembre 2026"}]},{"@type":"WebSite","@id":"https:\/\/leadershipcampus.ch\/fr\/#website","url":"https:\/\/leadershipcampus.ch\/fr\/","name":"Leadership Campus de l&#039;Arm\u00e9e suisse","description":"","publisher":{"@id":"https:\/\/leadershipcampus.ch\/fr\/#organization"},"potentialAction":[{"@type":"SearchAction","target":{"@type":"EntryPoint","urlTemplate":"https:\/\/leadershipcampus.ch\/fr\/?s={search_term_string}"},"query-input":{"@type":"PropertyValueSpecification","valueRequired":true,"valueName":"search_term_string"}}],"inLanguage":"fr-FR"},{"@type":"Organization","@id":"https:\/\/leadershipcampus.ch\/fr\/#organization","name":"Leadership Campus de l'Arm\u00e9e suisse","url":"https:\/\/leadershipcampus.ch\/fr\/","logo":{"@type":"ImageObject","inLanguage":"fr-FR","@id":"https:\/\/leadershipcampus.ch\/fr\/#\/schema\/logo\/image\/","url":"https:\/\/leadershipcampus.ch\/fr\/wp-content\/uploads\/sites\/3\/2022\/04\/Logo-Leadership-Campus-FR.png","contentUrl":"https:\/\/leadershipcampus.ch\/fr\/wp-content\/uploads\/sites\/3\/2022\/04\/Logo-Leadership-Campus-FR.png","width":498,"height":53,"caption":"Leadership Campus de l'Arm\u00e9e suisse"},"image":{"@id":"https:\/\/leadershipcampus.ch\/fr\/#\/schema\/logo\/image\/"}},{"@type":"Person","@id":"https:\/\/leadershipcampus.ch\/fr\/#\/schema\/person\/369f7396a29b4a1ea65f7973e6748b18","name":"nathanaelschabrun","url":"https:\/\/leadershipcampus.ch\/fr\/author\/nathanaelschabrun\/"}]}},"jetpack-related-posts":[{"id":2007,"url":"https:\/\/leadershipcampus.ch\/fr\/2025\/03\/06\/update-conduite-mars-2025\/","url_meta":{"origin":2715,"position":0},"title":"Update Conduite\u00a0: Mars 2025","author":"administrator@leadershipcampus.ch","date":"6 mars 2025","format":false,"excerpt":"Les \u00e9tudes conduite et communication de l'Acad\u00e9mie militaire \u00e0 l'EPF de Zurich r\u00e9sument pour vous les articles les plus pertinents de ces derniers mois sur le th\u00e8me de la conduite militaire.","rel":"","context":"Dans &quot;Leader's Digest&quot;","block_context":{"text":"Leader's Digest","link":"https:\/\/leadershipcampus.ch\/fr\/category\/newsletter\/leaders-digest\/"},"img":{"alt_text":"","src":"https:\/\/i0.wp.com\/leadershipcampus.ch\/fr\/wp-content\/uploads\/sites\/3\/Leadership-Campus-Leaders-Digest-14-Update-conduite.png?resize=350%2C200&ssl=1","width":350,"height":200,"srcset":"https:\/\/i0.wp.com\/leadershipcampus.ch\/fr\/wp-content\/uploads\/sites\/3\/Leadership-Campus-Leaders-Digest-14-Update-conduite.png?resize=350%2C200&ssl=1 1x, https:\/\/i0.wp.com\/leadershipcampus.ch\/fr\/wp-content\/uploads\/sites\/3\/Leadership-Campus-Leaders-Digest-14-Update-conduite.png?resize=525%2C300&ssl=1 1.5x, https:\/\/i0.wp.com\/leadershipcampus.ch\/fr\/wp-content\/uploads\/sites\/3\/Leadership-Campus-Leaders-Digest-14-Update-conduite.png?resize=700%2C400&ssl=1 2x"},"classes":[]},{"id":1205,"url":"https:\/\/leadershipcampus.ch\/fr\/2024\/09\/05\/update-conduite-septembre-2024\/","url_meta":{"origin":2715,"position":1},"title":"Update Conduite : Septembre 2024","author":"administrator@leadershipcampus.ch","date":"5 septembre 2024","format":false,"excerpt":"Les \u00e9tudes conduite et communication de l'Acad\u00e9mie militaire \u00e0 l'EPF de Zurich r\u00e9sument pour vous les articles les plus pertinents de ces derniers mois sur le th\u00e8me de la conduite militaire.","rel":"","context":"Dans &quot;Leader's Digest&quot;","block_context":{"text":"Leader's Digest","link":"https:\/\/leadershipcampus.ch\/fr\/category\/newsletter\/leaders-digest\/"},"img":{"alt_text":"Update Conduite","src":"https:\/\/i0.wp.com\/leadershipcampus.ch\/fr\/wp-content\/uploads\/sites\/3\/Leadership-Campus-Leaders-Digest-9-Update-conduite.png?resize=350%2C200&ssl=1","width":350,"height":200,"srcset":"https:\/\/i0.wp.com\/leadershipcampus.ch\/fr\/wp-content\/uploads\/sites\/3\/Leadership-Campus-Leaders-Digest-9-Update-conduite.png?resize=350%2C200&ssl=1 1x, https:\/\/i0.wp.com\/leadershipcampus.ch\/fr\/wp-content\/uploads\/sites\/3\/Leadership-Campus-Leaders-Digest-9-Update-conduite.png?resize=525%2C300&ssl=1 1.5x, https:\/\/i0.wp.com\/leadershipcampus.ch\/fr\/wp-content\/uploads\/sites\/3\/Leadership-Campus-Leaders-Digest-9-Update-conduite.png?resize=700%2C400&ssl=1 2x"},"classes":[]},{"id":480,"url":"https:\/\/leadershipcampus.ch\/fr\/2024\/04\/04\/update-conduite-avril-2024\/","url_meta":{"origin":2715,"position":2},"title":"Update Conduite : Avril 2024","author":"administrator@leadershipcampus.ch","date":"4 avril 2024","format":false,"excerpt":"Les \u00e9tudes conduite et communication de l'Acad\u00e9mie militaire \u00e0 l'EPF de Zurich r\u00e9sument pour vous les articles les plus pertinents de ces derniers mois sur le th\u00e8me de la conduite militaire.","rel":"","context":"Dans &quot;Leader's Digest&quot;","block_context":{"text":"Leader's Digest","link":"https:\/\/leadershipcampus.ch\/fr\/category\/newsletter\/leaders-digest\/"},"img":{"alt_text":"Update Conduite","src":"https:\/\/i0.wp.com\/leadershipcampus.ch\/fr\/wp-content\/uploads\/sites\/3\/Leadership-Campus-Leaders-Digest-4-Update-Conduite-1.png?resize=350%2C200&ssl=1","width":350,"height":200,"srcset":"https:\/\/i0.wp.com\/leadershipcampus.ch\/fr\/wp-content\/uploads\/sites\/3\/Leadership-Campus-Leaders-Digest-4-Update-Conduite-1.png?resize=350%2C200&ssl=1 1x, https:\/\/i0.wp.com\/leadershipcampus.ch\/fr\/wp-content\/uploads\/sites\/3\/Leadership-Campus-Leaders-Digest-4-Update-Conduite-1.png?resize=525%2C300&ssl=1 1.5x, https:\/\/i0.wp.com\/leadershipcampus.ch\/fr\/wp-content\/uploads\/sites\/3\/Leadership-Campus-Leaders-Digest-4-Update-Conduite-1.png?resize=700%2C400&ssl=1 2x"},"classes":[]},{"id":1097,"url":"https:\/\/leadershipcampus.ch\/fr\/2024\/08\/01\/update-conduite-aout-2024\/","url_meta":{"origin":2715,"position":3},"title":"Update Conduite : Ao\u00fbt 2024","author":"administrator@leadershipcampus.ch","date":"1 ao\u00fbt 2024","format":false,"excerpt":"Les \u00e9tudes conduite et communication de l'Acad\u00e9mie militaire \u00e0 l'EPF de Zurich r\u00e9sument pour vous les articles les plus pertinents de ces derniers mois sur le th\u00e8me de la conduite militaire.","rel":"","context":"Dans &quot;Leader's Digest&quot;","block_context":{"text":"Leader's Digest","link":"https:\/\/leadershipcampus.ch\/fr\/category\/newsletter\/leaders-digest\/"},"img":{"alt_text":"Update Conduite","src":"https:\/\/i0.wp.com\/leadershipcampus.ch\/fr\/wp-content\/uploads\/sites\/3\/Leadership-Campus-Leaders-Digest-8-Update-conduite.png?resize=350%2C200&ssl=1","width":350,"height":200,"srcset":"https:\/\/i0.wp.com\/leadershipcampus.ch\/fr\/wp-content\/uploads\/sites\/3\/Leadership-Campus-Leaders-Digest-8-Update-conduite.png?resize=350%2C200&ssl=1 1x, https:\/\/i0.wp.com\/leadershipcampus.ch\/fr\/wp-content\/uploads\/sites\/3\/Leadership-Campus-Leaders-Digest-8-Update-conduite.png?resize=525%2C300&ssl=1 1.5x, https:\/\/i0.wp.com\/leadershipcampus.ch\/fr\/wp-content\/uploads\/sites\/3\/Leadership-Campus-Leaders-Digest-8-Update-conduite.png?resize=700%2C400&ssl=1 2x"},"classes":[]},{"id":2315,"url":"https:\/\/leadershipcampus.ch\/fr\/2025\/09\/04\/update-conduite-septembre-2025\/","url_meta":{"origin":2715,"position":4},"title":"Update Conduite\u00a0: Septembre 2025","author":"nathanaelschabrun","date":"4 septembre 2025","format":false,"excerpt":"Les \u00e9tudes conduite et communication de l'Acad\u00e9mie militaire \u00e0 l'EPF de Zurich r\u00e9sument pour vous les articles les plus pertinents de ces derniers mois sur le th\u00e8me de la conduite militaire.","rel":"","context":"Dans &quot;Leader's Digest&quot;","block_context":{"text":"Leader's Digest","link":"https:\/\/leadershipcampus.ch\/fr\/category\/newsletter\/leaders-digest\/"},"img":{"alt_text":"","src":"https:\/\/i0.wp.com\/leadershipcampus.ch\/fr\/wp-content\/uploads\/sites\/3\/mortier_schmid_5-scaled.jpeg?resize=350%2C200&ssl=1","width":350,"height":200,"srcset":"https:\/\/i0.wp.com\/leadershipcampus.ch\/fr\/wp-content\/uploads\/sites\/3\/mortier_schmid_5-scaled.jpeg?resize=350%2C200&ssl=1 1x, https:\/\/i0.wp.com\/leadershipcampus.ch\/fr\/wp-content\/uploads\/sites\/3\/mortier_schmid_5-scaled.jpeg?resize=525%2C300&ssl=1 1.5x, https:\/\/i0.wp.com\/leadershipcampus.ch\/fr\/wp-content\/uploads\/sites\/3\/mortier_schmid_5-scaled.jpeg?resize=700%2C400&ssl=1 2x, https:\/\/i0.wp.com\/leadershipcampus.ch\/fr\/wp-content\/uploads\/sites\/3\/mortier_schmid_5-scaled.jpeg?resize=1050%2C600&ssl=1 3x, https:\/\/i0.wp.com\/leadershipcampus.ch\/fr\/wp-content\/uploads\/sites\/3\/mortier_schmid_5-scaled.jpeg?resize=1400%2C800&ssl=1 4x"},"classes":[]},{"id":2460,"url":"https:\/\/leadershipcampus.ch\/fr\/2026\/02\/05\/update-conduite-fevrier-2026\/","url_meta":{"origin":2715,"position":5},"title":"Update Conduite\u00a0: F\u00e9vrier 2026","author":"nathanaelschabrun","date":"5 f\u00e9vrier 2026","format":false,"excerpt":"Les \u00e9tudes conduite et communication de l'Acad\u00e9mie militaire \u00e0 l'EPF de Zurich r\u00e9sument pour vous les articles les plus pertinents de ces derniers mois sur le th\u00e8me de la conduite militaire. Ce mois-ci, entre autres, avec des articles sur l'IA, la guerre du Haut-Karabakh et HUMSEC.","rel":"","context":"Dans &quot;Leader's Digest&quot;","block_context":{"text":"Leader's Digest","link":"https:\/\/leadershipcampus.ch\/fr\/category\/newsletter\/leaders-digest\/"},"img":{"alt_text":"","src":"https:\/\/i0.wp.com\/leadershipcampus.ch\/fr\/wp-content\/uploads\/sites\/3\/20210531_060014720_iOS12.jpeg?resize=350%2C200&ssl=1","width":350,"height":200,"srcset":"https:\/\/i0.wp.com\/leadershipcampus.ch\/fr\/wp-content\/uploads\/sites\/3\/20210531_060014720_iOS12.jpeg?resize=350%2C200&ssl=1 1x, https:\/\/i0.wp.com\/leadershipcampus.ch\/fr\/wp-content\/uploads\/sites\/3\/20210531_060014720_iOS12.jpeg?resize=525%2C300&ssl=1 1.5x, https:\/\/i0.wp.com\/leadershipcampus.ch\/fr\/wp-content\/uploads\/sites\/3\/20210531_060014720_iOS12.jpeg?resize=700%2C400&ssl=1 2x, https:\/\/i0.wp.com\/leadershipcampus.ch\/fr\/wp-content\/uploads\/sites\/3\/20210531_060014720_iOS12.jpeg?resize=1050%2C600&ssl=1 3x"},"classes":[]}],"jetpack_sharing_enabled":true,"jetpack_featured_media_url":"https:\/\/leadershipcampus.ch\/fr\/wp-content\/uploads\/sites\/3\/0116_0064-01_078411.jpg","_links":{"self":[{"href":"https:\/\/leadershipcampus.ch\/fr\/wp-json\/wp\/v2\/posts\/2715","targetHints":{"allow":["GET"]}}],"collection":[{"href":"https:\/\/leadershipcampus.ch\/fr\/wp-json\/wp\/v2\/posts"}],"about":[{"href":"https:\/\/leadershipcampus.ch\/fr\/wp-json\/wp\/v2\/types\/post"}],"author":[{"embeddable":true,"href":"https:\/\/leadershipcampus.ch\/fr\/wp-json\/wp\/v2\/users\/13"}],"replies":[{"embeddable":true,"href":"https:\/\/leadershipcampus.ch\/fr\/wp-json\/wp\/v2\/comments?post=2715"}],"version-history":[{"count":2,"href":"https:\/\/leadershipcampus.ch\/fr\/wp-json\/wp\/v2\/posts\/2715\/revisions"}],"predecessor-version":[{"id":2784,"href":"https:\/\/leadershipcampus.ch\/fr\/wp-json\/wp\/v2\/posts\/2715\/revisions\/2784"}],"wp:featuredmedia":[{"embeddable":true,"href":"https:\/\/leadershipcampus.ch\/fr\/wp-json\/wp\/v2\/media\/2718"}],"wp:attachment":[{"href":"https:\/\/leadershipcampus.ch\/fr\/wp-json\/wp\/v2\/media?parent=2715"}],"wp:term":[{"taxonomy":"category","embeddable":true,"href":"https:\/\/leadershipcampus.ch\/fr\/wp-json\/wp\/v2\/categories?post=2715"},{"taxonomy":"post_tag","embeddable":true,"href":"https:\/\/leadershipcampus.ch\/fr\/wp-json\/wp\/v2\/tags?post=2715"}],"curies":[{"name":"wp","href":"https:\/\/api.w.org\/{rel}","templated":true}]}}