{"id":819,"date":"2024-06-06T15:47:00","date_gmt":"2024-06-06T13:47:00","guid":{"rendered":"https:\/\/leadershipcampus.ch\/fr\/?p=819"},"modified":"2024-06-06T11:40:27","modified_gmt":"2024-06-06T09:40:27","slug":"update-conduite-juin-2024","status":"publish","type":"post","link":"https:\/\/leadershipcampus.ch\/fr\/2024\/06\/06\/update-conduite-juin-2024\/","title":{"rendered":"Update Conduite : Juin 2024"},"content":{"rendered":"\n<h2 class=\"wp-block-heading\">Kriegst\u00fcchtig? Wo steht die Bundeswehr?<\/h2>\n\n\n\n<p>[Zeitschrift f\u00fcr Innere F\u00fchrung 2\/24, 05.2024, Bundeswehr]<\/p>\n\n\n\n<p>Diese reichhaltige Ausgabe der Zeitschrift f\u00fcr Innere F\u00fchrung der Bundeswehr bespricht unter anderem die Themen Gesamtverteidigung, Kriegst\u00fcchtigkeit, hybride Kriegsf\u00fchrung und Resilienz. Viele Fragen, die sich in Deutschland zum Thema Kriegst\u00fcchtigkeit stellen, tun dies so oder \u00e4hnlich auch der Schweiz und ihrer Armee bei der Wiedererreichung der Verteidigungsf\u00e4higkeit. Der Politikwissenschaftler Carlo Masala stellt auf Seite 58 fest: \u00abWir [die Bundesrepublik] sind noch nicht im Krieg, aber auch nicht mehr im Frieden. Dieses Mindset muss \u00fcberall einsickern.\u00bb<\/p>\n\n\n\n<p>Link: <a href=\"https:\/\/www.bundeswehr.de\/de\/aktuelles\/publikationen\" target=\"_blank\" rel=\"noreferrer noopener\">https:\/\/www.bundeswehr.de\/de\/aktuelles\/publikationen<\/a><\/p>\n\n\n\n<h2 class=\"wp-block-heading\">The Syrsky War: Ukraine\u2019s Supreme Commander Is Betting on Drones, Patience and Discipline<\/h2>\n\n\n\n<p>[Kyiv Post, 04.2024, Stefan Korshak]<\/p>\n\n\n\n<p>In this article, the author examines the changes the Armed Forces of Ukraine (AFU) have undergone since General Syrsky took over their command from General Zaluzhny. Especially with the AFU having suffered from shell hunger, they started to increasingly rely on drones and currently produce around 70&rsquo;000 combat-ready FPV drones per month. In some Ukrainian brigades, there is now one full battalion of drone operators for every two battalions of infantry.<\/p>\n\n\n\n<p>Link: <a href=\"https:\/\/www.kyivpost.com\/post\/31637\" target=\"_blank\" rel=\"noreferrer noopener\">https:\/\/www.kyivpost.com\/post\/31637<\/a><\/p>\n\n\n\n<h2 class=\"wp-block-heading\">\u00abQuanten-Computing, k\u00fcnstliche Intelligenz, synthetische Biologie, Nanotechnologie. Das alles kommt auf uns zu, ein Riesenhammer\u00bb, sagt der NDB-Chef<\/h2>\n\n\n\n<p>[NZZ, 04.2024, Marcel Gyr, Georg H\u00e4sler, Susanne Goldschmid]<\/p>\n\n\n\n<p>Der Chef vom Nachrichtendienst des Bundes (NDB), Christian Dussey, spricht \u00fcber die Herausforderungen, welche die Transformation des NDB mit sich bringt. \u00c4hnlich verh\u00e4lt es sich auch in der Armee oder in Unternehmen: Der Wandel der Zeit erfordert eine Anpassung, aber oft fordert diese notwendige Anpassung die herrschende F\u00fchrungskultur heraus. Dadurch werden Menschen innerhalb der Organisation verunsichert. Beim NDB ist dies insbesondere relevant, da verunsicherte Mitarbeiter ein potenzielles Sicherheitsrisiko darstellen. Dussey f\u00fchrt weiter aus, dass sich der NDB bereits in einem hybriden Krieg befinde, von welchem auch die Schweiz direkt oder indirekt betroffen sei.<\/p>\n\n\n\n<p>Link: <a href=\"https:\/\/www.nzz.ch\/schweiz\/interview-mit-ndb-direktor-christian-dussey-ld.1824575\" target=\"_blank\" rel=\"noreferrer noopener\">https:\/\/www.nzz.ch\/schweiz\/interview-mit-ndb-direktor-christian-dussey-ld.1824575<\/a><\/p>\n\n\n\n<h2 class=\"wp-block-heading\">F\u00fchrungsst\u00e4rke in zwei Welten: Der Weg von Christoph H\u00fcrlimann<\/h2>\n\n\n\n<p>[Youtube Team Armee Live, 04.2024, Christoph H\u00fcrlimann, Mathias M\u00fcller]<\/p>\n\n\n\n<p>In der heutigen Folge des offiziellen Podcasts der Schweizer Armee tauchen wir tief ein in die Welt von Christoph H\u00fcrlimann \u2013 einem Mann, der nicht nur als erfolgreicher Unternehmer bekannt ist, sondern auch als der \u00e4lteste Bataillonskommandant der Schweizer Armee in Erscheinung tritt. Welche wertvollen Lektionen aus seiner Milit\u00e4rzeit konnte er in die zivile Welt \u00fcbertragen? Christoph teilt mit uns seine kritischen Ansichten \u00fcber die zunehmende B\u00fcrokratie innerhalb der Armee und diskutiert die interessante Perspektive, dass man Menschen zwar demotivieren, aber nicht motivieren kann. Dieses Gespr\u00e4ch bietet mehr als nur einen Einblick in das Leben eines aussergew\u00f6hnlichen Milizoffiziers; es ist eine Inspiration f\u00fcr jede und jeden, der die Bedeutung von F\u00fchrung, Engagement und die \u00dcbertragung von milit\u00e4rischen Werten in das zivile Leben verstehen m\u00f6chte.<\/p>\n\n\n\n<p>Link: <a href=\"https:\/\/www.youtube.com\/watch?v=3IR0OBYd1Ic\" target=\"_blank\" rel=\"noreferrer noopener\">https:\/\/www.youtube.com\/watch?v=3IR0OBYd1Ic<\/a><\/p>\n\n\n\n<h2 class=\"wp-block-heading\">What is \u00abHybrid Warfare\u00bb, Really?<\/h2>\n\n\n\n<p>[CEPA, 02.2021, Mark Voyger]<\/p>\n\n\n\n<p>NATO defines \u00abHybrid threats\u00bb as a combination of \u00abmilitary and non-military as well as covert and overt means, including disinformation, cyber-attacks, economic pressure, deployment of irregular armed groups and use of regular forces\u00bb. Hybrid methods are being used to \u00abblur the lines between war and peace, and attempt to sow doubt in the minds of target populations. They aim to destabilise and undermine societies\u00bb.<sup data-fn=\"fcf4e666-a1c8-472a-a281-adc9c02b01dd\" class=\"fn\"><a id=\"fcf4e666-a1c8-472a-a281-adc9c02b01dd-link\" href=\"#fcf4e666-a1c8-472a-a281-adc9c02b01dd\">1<\/a><\/sup> Hybrid threats place challenging demands on military leaders. The leader&rsquo;s information may be severely restricted, or he or she risks being deceived. Nevertheless, the need for the leaders to take rapid decisions still persists. This article serves as a starting point to understand the concept of hybrid threats and ways how one might be affected by it.<\/p>\n\n\n\n<p>Link: <a href=\"https:\/\/cepa.org\/article\/what-is-hybrid-warfare-really\/\" target=\"_blank\" rel=\"noreferrer noopener\">https:\/\/cepa.org\/article\/what-is-hybrid-warfare-really\/<\/a><\/p>\n\n\n\n<h2 class=\"wp-block-heading\">The Commander&rsquo;s Path to Victory: Communication without Comms<\/h2>\n\n\n\n<p>[Modern War Institute, 10.2023, Angus Fletcher, Tom Gaines]<\/p>\n\n\n\n<p>The article is written from within the U.S. Armed Forces, which for the previous decades fought wars characterized by uncontested airspace and centralized and uncontested communications. Now, as the U.S. Armed Forces are preparing for a potential war with China, they are adapting to function even with fragmented communications. This is not just the case for the Army, all the three oldest warfighting domains within the U.S. Armed Forces are seeing an increasing adoption of mission command, the Army, the Navy, as well as the Air Force. The developments and lessons learned are not just relevant to the United States. In case of conflict, the Swiss Armed Forces may also have to operate with fragmented communications and would then have to rely more strongly on Auftragstaktik, on what English-speakers call Mission Command or Commander&rsquo;s Intent. Especially notable is the article&rsquo;s statement that \u00absince commander\u2019s intent requires leaders on both ends, transmitter and receiver, your communication chain must be populated with leaders. And since your communication chain extends throughout your entire organization, all your personnel\u2014from top to bottom\u2014need to be leaders\u00bb.<\/p>\n\n\n\n<p>Army: <a href=\"https:\/\/mwi.westpoint.edu\/the-commanders-path-to-victory-communication-without-comms\/\" target=\"_blank\" rel=\"noreferrer noopener\">https:\/\/mwi.westpoint.edu\/the-commanders-path-to-victory-communication-without-comms\/<\/a><\/p>\n\n\n\n<p>Air Force: <a href=\"https:\/\/www.airandspaceforces.com\/air-force-doctrine-brown-decentralize\/\" target=\"_blank\" rel=\"noreferrer noopener\">https:\/\/www.airandspaceforces.com\/air-force-doctrine-brown-decentralize\/<\/a><\/p>\n\n\n\n<p>Navy: <a href=\"https:\/\/www.navy.mil\/Press-Office\/Press-Releases\/display-pressreleases\/Article\/3639874\/cno-releases-priorities-americas-warfighting-navy\/\" target=\"_blank\" rel=\"noreferrer noopener\">https:\/\/www.navy.mil\/Press-Office\/Press-Releases\/display-pressreleases\/Article\/3639874\/cno-releases-priorities-americas-warfighting-navy\/<\/a><\/p>\n\n\n\n<hr class=\"wp-block-separator has-alpha-channel-opacity\"\/>\n\n\n\n<h2 class=\"wp-block-heading\">\u00c0 propos de \u00ab Update Conduite \u00bb<\/h2>\n\n\n\n<p>Le \u00ab Update Conduite \u00bb est une rubrique r\u00e9currente de la newsletter <a href=\"https:\/\/leadershipcampus.ch\/leaders\/leaders-digest\/\">Leader&rsquo;s Digest<\/a>. Cette newsletter est le fruit d&rsquo;une coop\u00e9ration entre le <a href=\"https:\/\/leadershipcampus.ch\/fr\/\">Leadership Campus de l&rsquo;Arm\u00e9e suisse<\/a> et les <a href=\"https:\/\/www.vtg.admin.ch\/de\/gruppe-verteidigung\/organisation\/kdo-ausb\/hka\/milak\/militaerwissenschaftliche-forschung-und-lehre\/dozentur-fuehrung-und-kommunikation.html\" target=\"_blank\" rel=\"noreferrer noopener\">\u00e9tudes conduite et communication<\/a> de l&rsquo;Acad\u00e9mie militaire \u00e0 l&rsquo;EPF de Zurich. Si vous n&rsquo;\u00eates pas encore abonn\u00e9 au Leader&rsquo;s Digest, vous trouverez de plus amples informations ainsi que le formulaire d&rsquo;inscription en cliquant sur ce <a href=\"https:\/\/leadershipcampus.ch\/leaders\/leaders-digest\/\">lien<\/a>.<\/p>\n\n\n\n<p>Si vous d\u00e9couvrez des choses int\u00e9ressantes \u00e0 lire sur Command, Leadership ou Management, nous serions heureux que vous les partagiez avec nous. Nous serions heureux de recevoir des conseils pour le prochain num\u00e9ro du Leader&rsquo;s Digest par <span id=\"email-obfuscator-leadersdigest\"><script>document.getElementById(\"email-obfuscator-leadersdigest\").innerHTML=\"<n uers=\\\"znvygb:yrnqrefqvtrfg@yrnqrefuvcpnzchf.pu\\\" >r-znvy<\/n>\".replace(\/[a-zA-Z]\/g,function(c){return String.fromCharCode((c<=\"Z\"?90:122)>=(c=c.charCodeAt(0)+13)?c:c-26);});<\/script><noscript>[Activez JavaScript pour voir l&rsquo;adresse e-mail]<\/noscript><\/span>.<\/p>\n\n\n<ol class=\"wp-block-footnotes\"><li id=\"fcf4e666-a1c8-472a-a281-adc9c02b01dd\"><a href=\"https:\/\/www.nato.int\/cps\/en\/natohq\/topics_156338.htm\" target=\"_blank\" rel=\"noreferrer noopener\">https:\/\/www.nato.int\/cps\/en\/natohq\/topics_156338.htm<\/a> <a href=\"#fcf4e666-a1c8-472a-a281-adc9c02b01dd-link\" aria-label=\"Aller \u00e0 la note de bas de page 1\">\u21a9\ufe0e<\/a><\/li><\/ol>","protected":false},"excerpt":{"rendered":"<p>Les \u00e9tudes conduite et communication de l&rsquo;Acad\u00e9mie militaire \u00e0 l&rsquo;EPF de Zurich r\u00e9sument pour vous les articles les plus pertinents de ces derniers mois sur le th\u00e8me de la conduite militaire.<\/p>\n","protected":false},"author":1,"featured_media":818,"comment_status":"closed","ping_status":"closed","sticky":false,"template":"","format":"standard","meta":{"_jetpack_memberships_contains_paid_content":false,"footnotes":"[{\"content\":\"<a href=\\\"https:\/\/www.nato.int\/cps\/en\/natohq\/topics_156338.htm\\\" target=\\\"_blank\\\" rel=\\\"noreferrer noopener\\\">https:\/\/www.nato.int\/cps\/en\/natohq\/topics_156338.htm<\/a>\",\"id\":\"fcf4e666-a1c8-472a-a281-adc9c02b01dd\"}]"},"categories":[9,28,8],"tags":[13],"class_list":["post-819","post","type-post","status-publish","format-standard","has-post-thumbnail","hentry","category-leaders-digest","category-leaders-digest-6","category-newsletter","tag-update-conduite"],"yoast_head":"<!-- This site is optimized with the Yoast SEO plugin v27.5 - https:\/\/yoast.com\/product\/yoast-seo-wordpress\/ -->\n<title>Update Conduite : Juin 2024 &#8211; Leadership Campus de l&#039;Arm\u00e9e suisse<\/title>\n<meta name=\"description\" content=\"Les \u00e9tudes conduite et communication de l&#039;Acad\u00e9mie militaire \u00e0 l&#039;EPF de Zurich r\u00e9sument les articles les plus pertinents de ces derniers mois sur le th\u00e8me de la conduite militaire.\" \/>\n<meta name=\"robots\" content=\"index, follow, max-snippet:-1, max-image-preview:large, max-video-preview:-1\" \/>\n<link rel=\"canonical\" href=\"https:\/\/leadershipcampus.ch\/fr\/2024\/06\/06\/update-conduite-juin-2024\/\" \/>\n<meta property=\"og:locale\" content=\"fr_FR\" \/>\n<meta property=\"og:type\" content=\"article\" \/>\n<meta property=\"og:title\" content=\"Update Conduite : Juin 2024 &#8211; Leadership Campus de l&#039;Arm\u00e9e suisse\" \/>\n<meta property=\"og:description\" content=\"Les \u00e9tudes conduite et communication de l&#039;Acad\u00e9mie militaire \u00e0 l&#039;EPF de Zurich r\u00e9sument les articles les plus pertinents de ces derniers mois sur le th\u00e8me de la conduite militaire.\" \/>\n<meta property=\"og:url\" content=\"https:\/\/leadershipcampus.ch\/fr\/2024\/06\/06\/update-conduite-juin-2024\/\" \/>\n<meta property=\"og:site_name\" content=\"Leadership Campus de l&#039;Arm\u00e9e suisse\" \/>\n<meta property=\"article:published_time\" content=\"2024-06-06T13:47:00+00:00\" \/>\n<meta property=\"og:image\" content=\"https:\/\/leadershipcampus.ch\/fr\/wp-content\/uploads\/sites\/3\/Leadership-Campus-Leaders-Digest-6-Update-conduite.png\" \/>\n\t<meta property=\"og:image:width\" content=\"720\" \/>\n\t<meta property=\"og:image:height\" content=\"720\" \/>\n\t<meta property=\"og:image:type\" content=\"image\/png\" \/>\n<meta name=\"author\" content=\"administrator@leadershipcampus.ch\" \/>\n<meta name=\"twitter:card\" content=\"summary_large_image\" \/>\n<meta name=\"twitter:label1\" content=\"\u00c9crit par\" \/>\n\t<meta name=\"twitter:data1\" content=\"administrator@leadershipcampus.ch\" \/>\n\t<meta name=\"twitter:label2\" content=\"Dur\u00e9e de lecture estim\u00e9e\" \/>\n\t<meta name=\"twitter:data2\" content=\"5 minutes\" \/>\n<script type=\"application\/ld+json\" class=\"yoast-schema-graph\">{\"@context\":\"https:\\\/\\\/schema.org\",\"@graph\":[{\"@type\":\"Article\",\"@id\":\"https:\\\/\\\/leadershipcampus.ch\\\/fr\\\/2024\\\/06\\\/06\\\/update-conduite-juin-2024\\\/#article\",\"isPartOf\":{\"@id\":\"https:\\\/\\\/leadershipcampus.ch\\\/fr\\\/2024\\\/06\\\/06\\\/update-conduite-juin-2024\\\/\"},\"author\":{\"name\":\"administrator@leadershipcampus.ch\",\"@id\":\"https:\\\/\\\/leadershipcampus.ch\\\/fr\\\/#\\\/schema\\\/person\\\/8c77b5c0643537fc8ac2e4de9e1c0794\"},\"headline\":\"Update Conduite : Juin 2024\",\"datePublished\":\"2024-06-06T13:47:00+00:00\",\"mainEntityOfPage\":{\"@id\":\"https:\\\/\\\/leadershipcampus.ch\\\/fr\\\/2024\\\/06\\\/06\\\/update-conduite-juin-2024\\\/\"},\"wordCount\":980,\"publisher\":{\"@id\":\"https:\\\/\\\/leadershipcampus.ch\\\/fr\\\/#organization\"},\"image\":{\"@id\":\"https:\\\/\\\/leadershipcampus.ch\\\/fr\\\/2024\\\/06\\\/06\\\/update-conduite-juin-2024\\\/#primaryimage\"},\"thumbnailUrl\":\"https:\\\/\\\/leadershipcampus.ch\\\/fr\\\/wp-content\\\/uploads\\\/sites\\\/3\\\/Leadership-Campus-Leaders-Digest-6-Update-conduite.png\",\"keywords\":[\"Update Conduite\"],\"articleSection\":[\"Leader's Digest\",\"Leader's Digest #6\",\"Newsletter\"],\"inLanguage\":\"fr-FR\"},{\"@type\":\"WebPage\",\"@id\":\"https:\\\/\\\/leadershipcampus.ch\\\/fr\\\/2024\\\/06\\\/06\\\/update-conduite-juin-2024\\\/\",\"url\":\"https:\\\/\\\/leadershipcampus.ch\\\/fr\\\/2024\\\/06\\\/06\\\/update-conduite-juin-2024\\\/\",\"name\":\"Update Conduite : Juin 2024 &#8211; Leadership Campus de l&#039;Arm\u00e9e suisse\",\"isPartOf\":{\"@id\":\"https:\\\/\\\/leadershipcampus.ch\\\/fr\\\/#website\"},\"primaryImageOfPage\":{\"@id\":\"https:\\\/\\\/leadershipcampus.ch\\\/fr\\\/2024\\\/06\\\/06\\\/update-conduite-juin-2024\\\/#primaryimage\"},\"image\":{\"@id\":\"https:\\\/\\\/leadershipcampus.ch\\\/fr\\\/2024\\\/06\\\/06\\\/update-conduite-juin-2024\\\/#primaryimage\"},\"thumbnailUrl\":\"https:\\\/\\\/leadershipcampus.ch\\\/fr\\\/wp-content\\\/uploads\\\/sites\\\/3\\\/Leadership-Campus-Leaders-Digest-6-Update-conduite.png\",\"datePublished\":\"2024-06-06T13:47:00+00:00\",\"description\":\"Les \u00e9tudes conduite et communication de l'Acad\u00e9mie militaire \u00e0 l'EPF de Zurich r\u00e9sument les articles les plus pertinents de ces derniers mois sur le th\u00e8me de la conduite militaire.\",\"breadcrumb\":{\"@id\":\"https:\\\/\\\/leadershipcampus.ch\\\/fr\\\/2024\\\/06\\\/06\\\/update-conduite-juin-2024\\\/#breadcrumb\"},\"inLanguage\":\"fr-FR\",\"potentialAction\":[{\"@type\":\"ReadAction\",\"target\":[\"https:\\\/\\\/leadershipcampus.ch\\\/fr\\\/2024\\\/06\\\/06\\\/update-conduite-juin-2024\\\/\"]}]},{\"@type\":\"ImageObject\",\"inLanguage\":\"fr-FR\",\"@id\":\"https:\\\/\\\/leadershipcampus.ch\\\/fr\\\/2024\\\/06\\\/06\\\/update-conduite-juin-2024\\\/#primaryimage\",\"url\":\"https:\\\/\\\/leadershipcampus.ch\\\/fr\\\/wp-content\\\/uploads\\\/sites\\\/3\\\/Leadership-Campus-Leaders-Digest-6-Update-conduite.png\",\"contentUrl\":\"https:\\\/\\\/leadershipcampus.ch\\\/fr\\\/wp-content\\\/uploads\\\/sites\\\/3\\\/Leadership-Campus-Leaders-Digest-6-Update-conduite.png\",\"width\":720,\"height\":720,\"caption\":\"Update Conduite\"},{\"@type\":\"BreadcrumbList\",\"@id\":\"https:\\\/\\\/leadershipcampus.ch\\\/fr\\\/2024\\\/06\\\/06\\\/update-conduite-juin-2024\\\/#breadcrumb\",\"itemListElement\":[{\"@type\":\"ListItem\",\"position\":1,\"name\":\"Home\",\"item\":\"https:\\\/\\\/leadershipcampus.ch\\\/fr\\\/\"},{\"@type\":\"ListItem\",\"position\":2,\"name\":\"Update Conduite : Juin 2024\"}]},{\"@type\":\"WebSite\",\"@id\":\"https:\\\/\\\/leadershipcampus.ch\\\/fr\\\/#website\",\"url\":\"https:\\\/\\\/leadershipcampus.ch\\\/fr\\\/\",\"name\":\"Leadership Campus de l&#039;Arm\u00e9e suisse\",\"description\":\"\",\"publisher\":{\"@id\":\"https:\\\/\\\/leadershipcampus.ch\\\/fr\\\/#organization\"},\"potentialAction\":[{\"@type\":\"SearchAction\",\"target\":{\"@type\":\"EntryPoint\",\"urlTemplate\":\"https:\\\/\\\/leadershipcampus.ch\\\/fr\\\/?s={search_term_string}\"},\"query-input\":{\"@type\":\"PropertyValueSpecification\",\"valueRequired\":true,\"valueName\":\"search_term_string\"}}],\"inLanguage\":\"fr-FR\"},{\"@type\":\"Organization\",\"@id\":\"https:\\\/\\\/leadershipcampus.ch\\\/fr\\\/#organization\",\"name\":\"Leadership Campus de l'Arm\u00e9e suisse\",\"url\":\"https:\\\/\\\/leadershipcampus.ch\\\/fr\\\/\",\"logo\":{\"@type\":\"ImageObject\",\"inLanguage\":\"fr-FR\",\"@id\":\"https:\\\/\\\/leadershipcampus.ch\\\/fr\\\/#\\\/schema\\\/logo\\\/image\\\/\",\"url\":\"https:\\\/\\\/leadershipcampus.ch\\\/fr\\\/wp-content\\\/uploads\\\/sites\\\/3\\\/2022\\\/04\\\/Logo-Leadership-Campus-FR.png\",\"contentUrl\":\"https:\\\/\\\/leadershipcampus.ch\\\/fr\\\/wp-content\\\/uploads\\\/sites\\\/3\\\/2022\\\/04\\\/Logo-Leadership-Campus-FR.png\",\"width\":498,\"height\":53,\"caption\":\"Leadership Campus de l'Arm\u00e9e suisse\"},\"image\":{\"@id\":\"https:\\\/\\\/leadershipcampus.ch\\\/fr\\\/#\\\/schema\\\/logo\\\/image\\\/\"}},{\"@type\":\"Person\",\"@id\":\"https:\\\/\\\/leadershipcampus.ch\\\/fr\\\/#\\\/schema\\\/person\\\/8c77b5c0643537fc8ac2e4de9e1c0794\",\"name\":\"administrator@leadershipcampus.ch\",\"sameAs\":[\"https:\\\/\\\/leadershipcampus.ch\"],\"url\":\"https:\\\/\\\/leadershipcampus.ch\\\/fr\\\/author\\\/administratorleadershipcampus-ch\\\/\"}]}<\/script>\n<!-- \/ Yoast SEO plugin. -->","yoast_head_json":{"title":"Update Conduite : Juin 2024 &#8211; Leadership Campus de l&#039;Arm\u00e9e suisse","description":"Les \u00e9tudes conduite et communication de l'Acad\u00e9mie militaire \u00e0 l'EPF de Zurich r\u00e9sument les articles les plus pertinents de ces derniers mois sur le th\u00e8me de la conduite militaire.","robots":{"index":"index","follow":"follow","max-snippet":"max-snippet:-1","max-image-preview":"max-image-preview:large","max-video-preview":"max-video-preview:-1"},"canonical":"https:\/\/leadershipcampus.ch\/fr\/2024\/06\/06\/update-conduite-juin-2024\/","og_locale":"fr_FR","og_type":"article","og_title":"Update Conduite : Juin 2024 &#8211; Leadership Campus de l&#039;Arm\u00e9e suisse","og_description":"Les \u00e9tudes conduite et communication de l'Acad\u00e9mie militaire \u00e0 l'EPF de Zurich r\u00e9sument les articles les plus pertinents de ces derniers mois sur le th\u00e8me de la conduite militaire.","og_url":"https:\/\/leadershipcampus.ch\/fr\/2024\/06\/06\/update-conduite-juin-2024\/","og_site_name":"Leadership Campus de l&#039;Arm\u00e9e suisse","article_published_time":"2024-06-06T13:47:00+00:00","og_image":[{"width":720,"height":720,"url":"https:\/\/leadershipcampus.ch\/fr\/wp-content\/uploads\/sites\/3\/Leadership-Campus-Leaders-Digest-6-Update-conduite.png","type":"image\/png"}],"author":"administrator@leadershipcampus.ch","twitter_card":"summary_large_image","twitter_misc":{"\u00c9crit par":"administrator@leadershipcampus.ch","Dur\u00e9e de lecture estim\u00e9e":"5 minutes"},"schema":{"@context":"https:\/\/schema.org","@graph":[{"@type":"Article","@id":"https:\/\/leadershipcampus.ch\/fr\/2024\/06\/06\/update-conduite-juin-2024\/#article","isPartOf":{"@id":"https:\/\/leadershipcampus.ch\/fr\/2024\/06\/06\/update-conduite-juin-2024\/"},"author":{"name":"administrator@leadershipcampus.ch","@id":"https:\/\/leadershipcampus.ch\/fr\/#\/schema\/person\/8c77b5c0643537fc8ac2e4de9e1c0794"},"headline":"Update Conduite : Juin 2024","datePublished":"2024-06-06T13:47:00+00:00","mainEntityOfPage":{"@id":"https:\/\/leadershipcampus.ch\/fr\/2024\/06\/06\/update-conduite-juin-2024\/"},"wordCount":980,"publisher":{"@id":"https:\/\/leadershipcampus.ch\/fr\/#organization"},"image":{"@id":"https:\/\/leadershipcampus.ch\/fr\/2024\/06\/06\/update-conduite-juin-2024\/#primaryimage"},"thumbnailUrl":"https:\/\/leadershipcampus.ch\/fr\/wp-content\/uploads\/sites\/3\/Leadership-Campus-Leaders-Digest-6-Update-conduite.png","keywords":["Update Conduite"],"articleSection":["Leader's Digest","Leader's Digest #6","Newsletter"],"inLanguage":"fr-FR"},{"@type":"WebPage","@id":"https:\/\/leadershipcampus.ch\/fr\/2024\/06\/06\/update-conduite-juin-2024\/","url":"https:\/\/leadershipcampus.ch\/fr\/2024\/06\/06\/update-conduite-juin-2024\/","name":"Update Conduite : Juin 2024 &#8211; Leadership Campus de l&#039;Arm\u00e9e suisse","isPartOf":{"@id":"https:\/\/leadershipcampus.ch\/fr\/#website"},"primaryImageOfPage":{"@id":"https:\/\/leadershipcampus.ch\/fr\/2024\/06\/06\/update-conduite-juin-2024\/#primaryimage"},"image":{"@id":"https:\/\/leadershipcampus.ch\/fr\/2024\/06\/06\/update-conduite-juin-2024\/#primaryimage"},"thumbnailUrl":"https:\/\/leadershipcampus.ch\/fr\/wp-content\/uploads\/sites\/3\/Leadership-Campus-Leaders-Digest-6-Update-conduite.png","datePublished":"2024-06-06T13:47:00+00:00","description":"Les \u00e9tudes conduite et communication de l'Acad\u00e9mie militaire \u00e0 l'EPF de Zurich r\u00e9sument les articles les plus pertinents de ces derniers mois sur le th\u00e8me de la conduite militaire.","breadcrumb":{"@id":"https:\/\/leadershipcampus.ch\/fr\/2024\/06\/06\/update-conduite-juin-2024\/#breadcrumb"},"inLanguage":"fr-FR","potentialAction":[{"@type":"ReadAction","target":["https:\/\/leadershipcampus.ch\/fr\/2024\/06\/06\/update-conduite-juin-2024\/"]}]},{"@type":"ImageObject","inLanguage":"fr-FR","@id":"https:\/\/leadershipcampus.ch\/fr\/2024\/06\/06\/update-conduite-juin-2024\/#primaryimage","url":"https:\/\/leadershipcampus.ch\/fr\/wp-content\/uploads\/sites\/3\/Leadership-Campus-Leaders-Digest-6-Update-conduite.png","contentUrl":"https:\/\/leadershipcampus.ch\/fr\/wp-content\/uploads\/sites\/3\/Leadership-Campus-Leaders-Digest-6-Update-conduite.png","width":720,"height":720,"caption":"Update Conduite"},{"@type":"BreadcrumbList","@id":"https:\/\/leadershipcampus.ch\/fr\/2024\/06\/06\/update-conduite-juin-2024\/#breadcrumb","itemListElement":[{"@type":"ListItem","position":1,"name":"Home","item":"https:\/\/leadershipcampus.ch\/fr\/"},{"@type":"ListItem","position":2,"name":"Update Conduite : Juin 2024"}]},{"@type":"WebSite","@id":"https:\/\/leadershipcampus.ch\/fr\/#website","url":"https:\/\/leadershipcampus.ch\/fr\/","name":"Leadership Campus de l&#039;Arm\u00e9e suisse","description":"","publisher":{"@id":"https:\/\/leadershipcampus.ch\/fr\/#organization"},"potentialAction":[{"@type":"SearchAction","target":{"@type":"EntryPoint","urlTemplate":"https:\/\/leadershipcampus.ch\/fr\/?s={search_term_string}"},"query-input":{"@type":"PropertyValueSpecification","valueRequired":true,"valueName":"search_term_string"}}],"inLanguage":"fr-FR"},{"@type":"Organization","@id":"https:\/\/leadershipcampus.ch\/fr\/#organization","name":"Leadership Campus de l'Arm\u00e9e suisse","url":"https:\/\/leadershipcampus.ch\/fr\/","logo":{"@type":"ImageObject","inLanguage":"fr-FR","@id":"https:\/\/leadershipcampus.ch\/fr\/#\/schema\/logo\/image\/","url":"https:\/\/leadershipcampus.ch\/fr\/wp-content\/uploads\/sites\/3\/2022\/04\/Logo-Leadership-Campus-FR.png","contentUrl":"https:\/\/leadershipcampus.ch\/fr\/wp-content\/uploads\/sites\/3\/2022\/04\/Logo-Leadership-Campus-FR.png","width":498,"height":53,"caption":"Leadership Campus de l'Arm\u00e9e suisse"},"image":{"@id":"https:\/\/leadershipcampus.ch\/fr\/#\/schema\/logo\/image\/"}},{"@type":"Person","@id":"https:\/\/leadershipcampus.ch\/fr\/#\/schema\/person\/8c77b5c0643537fc8ac2e4de9e1c0794","name":"administrator@leadershipcampus.ch","sameAs":["https:\/\/leadershipcampus.ch"],"url":"https:\/\/leadershipcampus.ch\/fr\/author\/administratorleadershipcampus-ch\/"}]}},"jetpack_featured_media_url":"https:\/\/leadershipcampus.ch\/fr\/wp-content\/uploads\/sites\/3\/Leadership-Campus-Leaders-Digest-6-Update-conduite.png","jetpack-related-posts":[{"id":201,"url":"https:\/\/leadershipcampus.ch\/fr\/2024\/02\/01\/update-conduite-fevrier-2024\/","url_meta":{"origin":819,"position":0},"title":"Update Conduite : F\u00e9vrier 2024","author":"administrator@leadershipcampus.ch","date":"1 f\u00e9vrier 2024","format":false,"excerpt":"Les \u00e9tudes conduite et communication de l'Acad\u00e9mie militaire \u00e0 l'EPF de Zurich r\u00e9sument pour vous les articles les plus pertinents de ces derniers mois sur le th\u00e8me de la conduite militaire.","rel":"","context":"Dans &quot;Leader's Digest&quot;","block_context":{"text":"Leader's Digest","link":"https:\/\/leadershipcampus.ch\/fr\/category\/newsletter\/leaders-digest\/"},"img":{"alt_text":"Update Conduite","src":"https:\/\/i0.wp.com\/leadershipcampus.ch\/fr\/wp-content\/uploads\/sites\/3\/Leadership-Campus-Leaders-Digest-Update-Conduite.png?resize=350%2C200&ssl=1","width":350,"height":200,"srcset":"https:\/\/i0.wp.com\/leadershipcampus.ch\/fr\/wp-content\/uploads\/sites\/3\/Leadership-Campus-Leaders-Digest-Update-Conduite.png?resize=350%2C200&ssl=1 1x, https:\/\/i0.wp.com\/leadershipcampus.ch\/fr\/wp-content\/uploads\/sites\/3\/Leadership-Campus-Leaders-Digest-Update-Conduite.png?resize=525%2C300&ssl=1 1.5x, https:\/\/i0.wp.com\/leadershipcampus.ch\/fr\/wp-content\/uploads\/sites\/3\/Leadership-Campus-Leaders-Digest-Update-Conduite.png?resize=700%2C400&ssl=1 2x"},"classes":[]},{"id":2222,"url":"https:\/\/leadershipcampus.ch\/fr\/2025\/07\/03\/update-conduite-juillet-2025\/","url_meta":{"origin":819,"position":1},"title":"Update Conduite\u00a0: Juillet 2025","author":"nathanaelschabrun","date":"3 juillet 2025","format":false,"excerpt":"Les \u00e9tudes conduite et communication de l'Acad\u00e9mie militaire \u00e0 l'EPF de Zurich r\u00e9sument pour vous les articles les plus pertinents de ces derniers mois sur le th\u00e8me de la conduite militaire.","rel":"","context":"Dans &quot;Leader's Digest&quot;","block_context":{"text":"Leader's Digest","link":"https:\/\/leadershipcampus.ch\/fr\/category\/newsletter\/leaders-digest\/"},"img":{"alt_text":"","src":"https:\/\/i0.wp.com\/leadershipcampus.ch\/fr\/wp-content\/uploads\/sites\/3\/Inf-54981-Inf-im-Gelande-mit-PIRANHA-scaled.jpeg?resize=350%2C200&ssl=1","width":350,"height":200,"srcset":"https:\/\/i0.wp.com\/leadershipcampus.ch\/fr\/wp-content\/uploads\/sites\/3\/Inf-54981-Inf-im-Gelande-mit-PIRANHA-scaled.jpeg?resize=350%2C200&ssl=1 1x, https:\/\/i0.wp.com\/leadershipcampus.ch\/fr\/wp-content\/uploads\/sites\/3\/Inf-54981-Inf-im-Gelande-mit-PIRANHA-scaled.jpeg?resize=525%2C300&ssl=1 1.5x, https:\/\/i0.wp.com\/leadershipcampus.ch\/fr\/wp-content\/uploads\/sites\/3\/Inf-54981-Inf-im-Gelande-mit-PIRANHA-scaled.jpeg?resize=700%2C400&ssl=1 2x, https:\/\/i0.wp.com\/leadershipcampus.ch\/fr\/wp-content\/uploads\/sites\/3\/Inf-54981-Inf-im-Gelande-mit-PIRANHA-scaled.jpeg?resize=1050%2C600&ssl=1 3x, https:\/\/i0.wp.com\/leadershipcampus.ch\/fr\/wp-content\/uploads\/sites\/3\/Inf-54981-Inf-im-Gelande-mit-PIRANHA-scaled.jpeg?resize=1400%2C800&ssl=1 4x"},"classes":[]},{"id":2169,"url":"https:\/\/leadershipcampus.ch\/fr\/2025\/05\/01\/update-conduite-mai-2025\/","url_meta":{"origin":819,"position":2},"title":"Update Conduite\u00a0: Mai 2025","author":"nathanaelschabrun","date":"1 mai 2025","format":false,"excerpt":"Les \u00e9tudes conduite et communication de l'Acad\u00e9mie militaire \u00e0 l'EPF de Zurich r\u00e9sument pour vous les articles les plus pertinents de ces derniers mois sur le th\u00e8me de la conduite militaire.","rel":"","context":"Dans &quot;Leader's Digest&quot;","block_context":{"text":"Leader's Digest","link":"https:\/\/leadershipcampus.ch\/fr\/category\/newsletter\/leaders-digest\/"},"img":{"alt_text":"","src":"https:\/\/i0.wp.com\/leadershipcampus.ch\/fr\/wp-content\/uploads\/sites\/3\/IMG_9171-scaled.jpeg?resize=350%2C200&ssl=1","width":350,"height":200,"srcset":"https:\/\/i0.wp.com\/leadershipcampus.ch\/fr\/wp-content\/uploads\/sites\/3\/IMG_9171-scaled.jpeg?resize=350%2C200&ssl=1 1x, https:\/\/i0.wp.com\/leadershipcampus.ch\/fr\/wp-content\/uploads\/sites\/3\/IMG_9171-scaled.jpeg?resize=525%2C300&ssl=1 1.5x, https:\/\/i0.wp.com\/leadershipcampus.ch\/fr\/wp-content\/uploads\/sites\/3\/IMG_9171-scaled.jpeg?resize=700%2C400&ssl=1 2x, https:\/\/i0.wp.com\/leadershipcampus.ch\/fr\/wp-content\/uploads\/sites\/3\/IMG_9171-scaled.jpeg?resize=1050%2C600&ssl=1 3x, https:\/\/i0.wp.com\/leadershipcampus.ch\/fr\/wp-content\/uploads\/sites\/3\/IMG_9171-scaled.jpeg?resize=1400%2C800&ssl=1 4x"},"classes":[]},{"id":1821,"url":"https:\/\/leadershipcampus.ch\/fr\/2025\/02\/06\/update-conduite-fevrier-2025\/","url_meta":{"origin":819,"position":3},"title":"Update Conduite\u00a0: F\u00e9vrier 2025","author":"administrator@leadershipcampus.ch","date":"6 f\u00e9vrier 2025","format":false,"excerpt":"Les \u00e9tudes conduite et communication de l'Acad\u00e9mie militaire \u00e0 l'EPF de Zurich r\u00e9sument pour vous les articles les plus pertinents de ces derniers mois sur le th\u00e8me de la conduite militaire.","rel":"","context":"Dans &quot;Leader's Digest&quot;","block_context":{"text":"Leader's Digest","link":"https:\/\/leadershipcampus.ch\/fr\/category\/newsletter\/leaders-digest\/"},"img":{"alt_text":"Update conduite","src":"https:\/\/i0.wp.com\/leadershipcampus.ch\/fr\/wp-content\/uploads\/sites\/3\/Leadership-Campus-Leaders-Digest-13-Update-conduite.png?resize=350%2C200&ssl=1","width":350,"height":200,"srcset":"https:\/\/i0.wp.com\/leadershipcampus.ch\/fr\/wp-content\/uploads\/sites\/3\/Leadership-Campus-Leaders-Digest-13-Update-conduite.png?resize=350%2C200&ssl=1 1x, https:\/\/i0.wp.com\/leadershipcampus.ch\/fr\/wp-content\/uploads\/sites\/3\/Leadership-Campus-Leaders-Digest-13-Update-conduite.png?resize=525%2C300&ssl=1 1.5x, https:\/\/i0.wp.com\/leadershipcampus.ch\/fr\/wp-content\/uploads\/sites\/3\/Leadership-Campus-Leaders-Digest-13-Update-conduite.png?resize=700%2C400&ssl=1 2x"},"classes":[]},{"id":2271,"url":"https:\/\/leadershipcampus.ch\/fr\/2025\/08\/07\/update-conduite-aout-2025\/","url_meta":{"origin":819,"position":4},"title":"Update Conduite\u00a0: Ao\u00fbt 2025","author":"nathanaelschabrun","date":"7 ao\u00fbt 2025","format":false,"excerpt":"Les \u00e9tudes conduite et communication de l'Acad\u00e9mie militaire \u00e0 l'EPF de Zurich r\u00e9sument pour vous les articles les plus pertinents de ces derniers mois sur le th\u00e8me de la conduite militaire.","rel":"","context":"Dans &quot;Leader's Digest&quot;","block_context":{"text":"Leader's Digest","link":"https:\/\/leadershipcampus.ch\/fr\/category\/newsletter\/leaders-digest\/"},"img":{"alt_text":"","src":"https:\/\/i0.wp.com\/leadershipcampus.ch\/fr\/wp-content\/uploads\/sites\/3\/Explorateur_ch_grenPM_24-25.jpeg?resize=350%2C200&ssl=1","width":350,"height":200,"srcset":"https:\/\/i0.wp.com\/leadershipcampus.ch\/fr\/wp-content\/uploads\/sites\/3\/Explorateur_ch_grenPM_24-25.jpeg?resize=350%2C200&ssl=1 1x, https:\/\/i0.wp.com\/leadershipcampus.ch\/fr\/wp-content\/uploads\/sites\/3\/Explorateur_ch_grenPM_24-25.jpeg?resize=525%2C300&ssl=1 1.5x, https:\/\/i0.wp.com\/leadershipcampus.ch\/fr\/wp-content\/uploads\/sites\/3\/Explorateur_ch_grenPM_24-25.jpeg?resize=700%2C400&ssl=1 2x, https:\/\/i0.wp.com\/leadershipcampus.ch\/fr\/wp-content\/uploads\/sites\/3\/Explorateur_ch_grenPM_24-25.jpeg?resize=1050%2C600&ssl=1 3x, https:\/\/i0.wp.com\/leadershipcampus.ch\/fr\/wp-content\/uploads\/sites\/3\/Explorateur_ch_grenPM_24-25.jpeg?resize=1400%2C800&ssl=1 4x"},"classes":[]},{"id":2007,"url":"https:\/\/leadershipcampus.ch\/fr\/2025\/03\/06\/update-conduite-mars-2025\/","url_meta":{"origin":819,"position":5},"title":"Update Conduite\u00a0: Mars 2025","author":"administrator@leadershipcampus.ch","date":"6 mars 2025","format":false,"excerpt":"Les \u00e9tudes conduite et communication de l'Acad\u00e9mie militaire \u00e0 l'EPF de Zurich r\u00e9sument pour vous les articles les plus pertinents de ces derniers mois sur le th\u00e8me de la conduite militaire.","rel":"","context":"Dans &quot;Leader's Digest&quot;","block_context":{"text":"Leader's Digest","link":"https:\/\/leadershipcampus.ch\/fr\/category\/newsletter\/leaders-digest\/"},"img":{"alt_text":"","src":"https:\/\/i0.wp.com\/leadershipcampus.ch\/fr\/wp-content\/uploads\/sites\/3\/Leadership-Campus-Leaders-Digest-14-Update-conduite.png?resize=350%2C200&ssl=1","width":350,"height":200,"srcset":"https:\/\/i0.wp.com\/leadershipcampus.ch\/fr\/wp-content\/uploads\/sites\/3\/Leadership-Campus-Leaders-Digest-14-Update-conduite.png?resize=350%2C200&ssl=1 1x, https:\/\/i0.wp.com\/leadershipcampus.ch\/fr\/wp-content\/uploads\/sites\/3\/Leadership-Campus-Leaders-Digest-14-Update-conduite.png?resize=525%2C300&ssl=1 1.5x, https:\/\/i0.wp.com\/leadershipcampus.ch\/fr\/wp-content\/uploads\/sites\/3\/Leadership-Campus-Leaders-Digest-14-Update-conduite.png?resize=700%2C400&ssl=1 2x"},"classes":[]}],"jetpack_sharing_enabled":true,"_links":{"self":[{"href":"https:\/\/leadershipcampus.ch\/fr\/wp-json\/wp\/v2\/posts\/819","targetHints":{"allow":["GET"]}}],"collection":[{"href":"https:\/\/leadershipcampus.ch\/fr\/wp-json\/wp\/v2\/posts"}],"about":[{"href":"https:\/\/leadershipcampus.ch\/fr\/wp-json\/wp\/v2\/types\/post"}],"author":[{"embeddable":true,"href":"https:\/\/leadershipcampus.ch\/fr\/wp-json\/wp\/v2\/users\/1"}],"replies":[{"embeddable":true,"href":"https:\/\/leadershipcampus.ch\/fr\/wp-json\/wp\/v2\/comments?post=819"}],"version-history":[{"count":1,"href":"https:\/\/leadershipcampus.ch\/fr\/wp-json\/wp\/v2\/posts\/819\/revisions"}],"predecessor-version":[{"id":860,"href":"https:\/\/leadershipcampus.ch\/fr\/wp-json\/wp\/v2\/posts\/819\/revisions\/860"}],"wp:featuredmedia":[{"embeddable":true,"href":"https:\/\/leadershipcampus.ch\/fr\/wp-json\/wp\/v2\/media\/818"}],"wp:attachment":[{"href":"https:\/\/leadershipcampus.ch\/fr\/wp-json\/wp\/v2\/media?parent=819"}],"wp:term":[{"taxonomy":"category","embeddable":true,"href":"https:\/\/leadershipcampus.ch\/fr\/wp-json\/wp\/v2\/categories?post=819"},{"taxonomy":"post_tag","embeddable":true,"href":"https:\/\/leadershipcampus.ch\/fr\/wp-json\/wp\/v2\/tags?post=819"}],"curies":[{"name":"wp","href":"https:\/\/api.w.org\/{rel}","templated":true}]}}